{"id":37344,"date":"2025-08-20T13:09:26","date_gmt":"2025-08-20T13:09:26","guid":{"rendered":"https:\/\/www.europesays.com\/pt\/37344\/"},"modified":"2025-08-20T13:09:26","modified_gmt":"2025-08-20T13:09:26","slug":"a1-cortada-num-sentido-junto-a-leiria-devido-a-incendio-em-camiao","status":"publish","type":"post","link":"https:\/\/www.europesays.com\/pt\/37344\/","title":{"rendered":"A1 cortada num sentido junto a Leiria devido a inc\u00eandio em cami\u00e3o"},"content":{"rendered":"<p class=\"category\"><a href=\"https:\/\/sicnoticias.pt\/pais\" rel=\"nofollow noopener\" target=\"_blank\">Pa\u00eds<\/a><\/p>\n<p class=\"g-article-lead lead\" data-field=\"lead\">O alerta foi dado \u00e0s 02:12 e \u00e0s 06:15 a circula\u00e7\u00e3o ainda se mantinha cortada naquela zona da autoestrada.<\/p>\n<p><strong>A Autoestrada 1 (A1) estava \u00e0s 06:15 cortada ao tr\u00e2nsito no sentido Sul-Norte na zona de Leiria devido a um inc\u00eandio num cami\u00e3o de mercadorias, que n\u00e3o causou v\u00edtimas, disse \u00e0 Lusa fonte da <\/strong><a href=\"https:\/\/prociv-portal.geomai.mai.gov.pt\/arcgis\/apps\/experiencebuilder\/experience\/?id=29e83f11f7a34339b35364e483e3846f\" target=\"_blank\" rel=\"noopener noreferrer nofollow\"><strong>Prote\u00e7\u00e3o Civil<\/strong><\/a><strong>.<\/strong><\/p>\n<blockquote>\n<p>&#8220;O cami\u00e3o de mercadorias, que carregava paletes de fruta, incendiou-se ao quil\u00f3metro 135 antes da entrada de Leiria na A1 [que liga Lisboa ao Porto]&#8221;, adiantou a fonte do Comando Sub-Regional da Regi\u00e3o de Leiria.<\/p>\n<\/blockquote>\n<p>O alerta foi dado \u00e0s 02:12 e \u00e0s 06:15 a circula\u00e7\u00e3o ainda se mantinha cortada naquela zona da autoestrada, precisou a mesma fonte.<\/p>\n<p>\u00c0s 06:20 estavam no local 22 operacionais, com o aux\u00edlio de 10 ve\u00edculos.<\/p>\n","protected":false},"excerpt":{"rendered":"Pa\u00eds O alerta foi dado \u00e0s 02:12 e \u00e0s 06:15 a circula\u00e7\u00e3o ainda se mantinha cortada naquela zona&hellip;\n","protected":false},"author":2,"featured_media":24798,"comment_status":"","ping_status":"","sticky":false,"template":"","format":"standard","meta":{"footnotes":""},"categories":[8],"tags":[27,28,15,16,14,25,26,21,22,12,13,19,20,32,23,24,33,17,18,29,30,31],"class_list":{"0":"post-37344","1":"post","2":"type-post","3":"status-publish","4":"format-standard","5":"has-post-thumbnail","7":"category-principais-noticias","8":"tag-breaking-news","9":"tag-breakingnews","10":"tag-featured-news","11":"tag-featurednews","12":"tag-headlines","13":"tag-latest-news","14":"tag-latestnews","15":"tag-main-news","16":"tag-mainnews","17":"tag-news","18":"tag-noticias","19":"tag-noticias-principais","20":"tag-noticiasprincipais","21":"tag-portugal","22":"tag-principais-noticias","23":"tag-principaisnoticias","24":"tag-pt","25":"tag-top-stories","26":"tag-topstories","27":"tag-ultimas","28":"tag-ultimas-noticias","29":"tag-ultimasnoticias"},"share_on_mastodon":{"url":"","error":""},"_links":{"self":[{"href":"https:\/\/www.europesays.com\/pt\/wp-json\/wp\/v2\/posts\/37344","targetHints":{"allow":["GET"]}}],"collection":[{"href":"https:\/\/www.europesays.com\/pt\/wp-json\/wp\/v2\/posts"}],"about":[{"href":"https:\/\/www.europesays.com\/pt\/wp-json\/wp\/v2\/types\/post"}],"author":[{"embeddable":true,"href":"https:\/\/www.europesays.com\/pt\/wp-json\/wp\/v2\/users\/2"}],"replies":[{"embeddable":true,"href":"https:\/\/www.europesays.com\/pt\/wp-json\/wp\/v2\/comments?post=37344"}],"version-history":[{"count":0,"href":"https:\/\/www.europesays.com\/pt\/wp-json\/wp\/v2\/posts\/37344\/revisions"}],"wp:featuredmedia":[{"embeddable":true,"href":"https:\/\/www.europesays.com\/pt\/wp-json\/wp\/v2\/media\/24798"}],"wp:attachment":[{"href":"https:\/\/www.europesays.com\/pt\/wp-json\/wp\/v2\/media?parent=37344"}],"wp:term":[{"taxonomy":"category","embeddable":true,"href":"https:\/\/www.europesays.com\/pt\/wp-json\/wp\/v2\/categories?post=37344"},{"taxonomy":"post_tag","embeddable":true,"href":"https:\/\/www.europesays.com\/pt\/wp-json\/wp\/v2\/tags?post=37344"}],"curies":[{"name":"wp","href":"https:\/\/api.w.org\/{rel}","templated":true}]}}