{"id":37351,"date":"2025-08-20T13:14:09","date_gmt":"2025-08-20T13:14:09","guid":{"rendered":"https:\/\/www.europesays.com\/pt\/37351\/"},"modified":"2025-08-20T13:14:09","modified_gmt":"2025-08-20T13:14:09","slug":"rob-halford-lembra-reacao-a-noticia-da-morte-de-ozzy-osbourne","status":"publish","type":"post","link":"https:\/\/www.europesays.com\/pt\/37351\/","title":{"rendered":"Rob Halford lembra rea\u00e7\u00e3o \u00e0 not\u00edcia da morte de Ozzy Osbourne"},"content":{"rendered":"<p>Durante entrevista \u00e0 r\u00e1dio norte-americana <a href=\"https:\/\/www.youtube.com\/watch?v=QJtAktd3Tqw\" rel=\"nofollow noopener\" target=\"_blank\">WRIF<\/a>, Rob Halford recordou sua rea\u00e7\u00e3o no dia 22 de julho \u00faltimo, logo ap\u00f3s receber a not\u00edcia da morte de Ozzy Osbourne. O Metal God e o Judas Priest foram a grande aus\u00eancia de &#8220;Back to the Beginning&#8221;, despedida do Madman. A banda j\u00e1 havia se comprometido com o show de 60 anos do Scorpions, em Hannover, Alemanha, na mesma data.<\/p>\n<p><a href=\"https:\/\/whiplash.net\/bandas\/o\/ozzyosbourne.html\" class=\"linkBotao\" rel=\"nofollow noopener\" target=\"_blank\">Ozzy Osbourne &#8211; Mais Novidades<\/a><br \/><a target=\"_blank\" href=\"https:\/\/www.europesays.com\/pt\/wp-content\/uploads\/2025\/08\/rob_halford_celestial_publicity_by_sam_erickson.jpg\"><img loading=\"lazy\" decoding=\"async\" src=\"https:\/\/www.europesays.com\/pt\/wp-content\/uploads\/2025\/08\/rob_halford_celestial_publicity_by_sam_erickson.jpg\" class=\"widthConstrained\" width=\"700\" height=\"467\" alt=\"Foto: Sam Erickson\"\/><\/a>Foto: Sam Erickson<\/p>\n<p>CONTINUA DEPOIS DA PUBLICIDADE &#8211; CLI<\/p>\n<p>&#13;<br \/>\n&#13;<br \/>\n&#13;<br \/>\n&#13;<br \/>\n&#13;<br \/>\n&#13;<br \/>\n&#13;<br \/>\n&#13;<br \/>\n<a href=\"https:\/\/whiplash.net\/materias\/whiplash\/027002.html\" rel=\"nofollow noopener\" target=\"_blank\"><img decoding=\"async\" src=\"https:\/\/www.europesays.com\/pt\/wp-content\/uploads\/2025\/08\/1755482107_347_anunciar_diabo_336x280.gif\" loading=\"lazy\" width=\"336\" height=\"280\" class=\"widthConstrained\" style=\"background-color:#000000;display:block;\" alt=\"Anunciar bandas e shows de Rock e Heavy Metal\"\/><\/a>&#13;<\/p>\n<p>&#8220;Recebi a liga\u00e7\u00e3o no dia em que a morte aconteceu. Desliguei o telefone no meu quarto de hotel em&#8230; acho que estava em Leeds, na Inglaterra. Deitei-me em posi\u00e7\u00e3o fetal e chorei copiosamente por horas. Eu simplesmente n\u00e3o conseguia acreditar. Ainda n\u00e3o consigo acreditar. Ainda estou de luto, como tantas pessoas. Fizemos um show no dia seguinte. Ent\u00e3o, meu Deus, como voc\u00ea processa toda essa trag\u00e9dia, todo esse amor, porque eu nunca vi uma demonstra\u00e7\u00e3o de amor t\u00e3o grande.&#8221;<\/p>\n<p>A homenagem, como n\u00e3o poderia ser diferente, veio em forma de m\u00fasica, especificamente uma faixas do \u00e1lbum mais recente, &#8220;Invincible Shield&#8221;. &#8220;Ele se chama &#8216;Giants In The Sky&#8217;, fala sobre pessoas que amamos na m\u00fasica e que se mudaram para este lugar lindo. Fazemos refer\u00eancia a Lemmy, Ronnie James Dio, <a href=\"https:\/\/whiplash.net\/bandas\/p\/pauldianno.html\" class=\"hotwords\" rel=\"nofollow noopener\" target=\"_blank\">Paul Di&#8217;Anno<\/a>, Jill Janus, <a href=\"https:\/\/whiplash.net\/bandas\/c\/chriscornell.html\" class=\"hotwords\" rel=\"nofollow noopener\" target=\"_blank\">Chris Cornell<\/a> e todos esses grandes nomes, <a href=\"https:\/\/whiplash.net\/bandas\/j\/janisjoplin.html\" class=\"hotwords\" rel=\"nofollow noopener\" target=\"_blank\">Janis Joplin<\/a>, <a href=\"https:\/\/whiplash.net\/bandas\/f\/freddiemercury.html\" class=\"hotwords\" rel=\"nofollow noopener\" target=\"_blank\">Freddie Mercury<\/a>. E ent\u00e3o, para aquele show, adicionamos o Ozzy no final. E eu disse a todos: \u2018\u00c9 muita coisa para tentar compreender e t\u00e3o dif\u00edcil, mas Ozzy dizia: Vamos festejar. Vamos curtir o rock and roll. Vamos viver intensamente. Vamos aproveitar.\u2019 Isso estava em seu cora\u00e7\u00e3o, sua alma e seu esp\u00edrito. Sempre que faz\u00edamos shows juntos, ele perguntava depois: \u2018Voc\u00ea se divertiu?\u2019 As coisas que transmitia de si mesmo para seus f\u00e3s, para todos, a generosidade, o carinho, todas as coisas incr\u00edveis que fazia na m\u00fasica, ele era a personifica\u00e7\u00e3o da gentileza nesse aspecto.&#8221;<\/p>\n<p>CONTINUA DEPOIS DA PUBLICIDADE &#8211; GOO<\/p>\n<p>&#13;<br \/>\n&#13;<br \/>\n&#13;<br \/>\n&#13;<br \/>\n<a href=\"https:\/\/whiplash.net\/materias\/whiplash\/027002.html\" rel=\"nofollow noopener\" target=\"_blank\"><img decoding=\"async\" src=\"https:\/\/www.europesays.com\/pt\/wp-content\/uploads\/2025\/08\/1755482107_347_anunciar_diabo_336x280.gif\" loading=\"lazy\" width=\"336\" height=\"280\" alt=\"Anunciar no Whiplash.Net\"\/><\/a>&#13;<br \/>\n&#13;<br \/>\n&#13;<br \/>\n&#13;<br \/>\n&#13;<br \/>\n&#13;<br \/>\n<a href=\"https:\/\/whiplash.net\/materias\/whiplash\/027002.html\" rel=\"nofollow noopener\" target=\"_blank\"><img decoding=\"async\" src=\"https:\/\/www.europesays.com\/pt\/wp-content\/uploads\/2025\/08\/1755482107_347_anunciar_diabo_336x280.gif\" loading=\"lazy\" width=\"336\" height=\"280\" class=\"widthConstrained\" style=\"background-color:#000000;display:block;\" alt=\"Anunciar bandas e shows de Rock e Heavy Metal\"\/><\/a>&#13;<\/p>\n<p>Para Halford, a melhor maneira de celebrar Ozzy \u00e9 mantendo as lembran\u00e7as como parte do cotidiano. &#8220;\u00c9 \u00f3timo que estejamos falando sobre ele agora e devemos continuar falando para sempre, assim como eu sempre falo sobre o Ronnie e sobre o Lemmy. Eles foram todos meus amigos. E temos que comemorar \u2014 temos que comemorar. \u00c9 assim que se ajuda a superar o luto. Voc\u00ea pensa nas mem\u00f3rias, pensa na alegria, pensa nos bons momentos, e \u00e9 isso que sempre faremos com Ozzy.&#8221;<\/p>\n<p>Rob ainda admitiu n\u00e3o recordar a \u00faltima vez que falou com o \u00eddolo, at\u00e9 por conservar essa rela\u00e7\u00e3o de f\u00e3 e \u00eddolo. &#8220;Costum\u00e1vamos trocar mensagens de vez em quando, mas era algu\u00e9m que eu admirava, assim como ainda admiro <a href=\"https:\/\/whiplash.net\/bandas\/a\/alicecooper.html\" class=\"hotwords\" rel=\"nofollow noopener\" target=\"_blank\">Alice Cooper<\/a> e fico deslumbrado quando o vejo (risos). Sentia a mesma coisa sempre que estava na presen\u00e7a do Ozzy, porque ele tinha uma personalidade extraordin\u00e1ria. Fazia um tempo que n\u00e3o nos fal\u00e1vamos. Mas, repito, s\u00f3 tenho lembran\u00e7as maravilhosas das duas oportunidades que tive de cantar com o Sabbath. E tivemos esta oportunidade recente de fazer um cover de &#8216;War Pigs&#8217;, que ainda tocamos no in\u00edcio do nosso show e \u00e9 uma das melhores m\u00fasicas de metal j\u00e1 escritas. Ent\u00e3o, essa conex\u00e3o nunca ser\u00e1 rompida nesse sentido.&#8221;<\/p>\n<p>CONTINUA DEPOIS DA PUBLICIDADE &#8211; CLI<\/p>\n<p>&#13;<br \/>\n&#13;<br \/>\n&#13;<br \/>\n&#13;<br \/>\n&#13;<br \/>\n&#13;<br \/>\n&#13;<br \/>\n&#13;<br \/>\n<a href=\"https:\/\/whiplash.net\/materias\/whiplash\/027002.html\" rel=\"nofollow noopener\" target=\"_blank\"><img decoding=\"async\" src=\"https:\/\/www.europesays.com\/pt\/wp-content\/uploads\/2025\/08\/1755482107_347_anunciar_diabo_336x280.gif\" loading=\"lazy\" width=\"336\" height=\"280\" class=\"widthConstrained\" style=\"background-color:#000000;display:block;\" alt=\"Anunciar bandas e shows de Rock e Heavy Metal\"\/><\/a>&#13;<\/p>\n<p>Rob Halford assumiu os vocais do <a href=\"https:\/\/whiplash.net\/bandas\/b\/blacksabbath.html\" class=\"hotwords\" rel=\"nofollow noopener\" target=\"_blank\">Black Sabbath<\/a> em 1992, nos primeiros shows de despedida de Ozzy, assumindo o lugar do ausente Ronnie James Dio, que n\u00e3o quis participar. Em 2004, repetiu a dose ao substituir o adoentado Madman durante uma apresenta\u00e7\u00e3o nos Estados Unidos.<\/p>\n","protected":false},"excerpt":{"rendered":"Durante entrevista \u00e0 r\u00e1dio norte-americana WRIF, Rob Halford recordou sua rea\u00e7\u00e3o no dia 22 de julho \u00faltimo, logo&hellip;\n","protected":false},"author":2,"featured_media":37352,"comment_status":"","ping_status":"","sticky":false,"template":"","format":"standard","meta":{"footnotes":""},"categories":[141],"tags":[114,115,149,150,32,33],"class_list":{"0":"post-37351","1":"post","2":"type-post","3":"status-publish","4":"format-standard","5":"has-post-thumbnail","7":"category-musica","8":"tag-entertainment","9":"tag-entretenimento","10":"tag-music","11":"tag-musica","12":"tag-portugal","13":"tag-pt"},"share_on_mastodon":{"url":"","error":""},"_links":{"self":[{"href":"https:\/\/www.europesays.com\/pt\/wp-json\/wp\/v2\/posts\/37351","targetHints":{"allow":["GET"]}}],"collection":[{"href":"https:\/\/www.europesays.com\/pt\/wp-json\/wp\/v2\/posts"}],"about":[{"href":"https:\/\/www.europesays.com\/pt\/wp-json\/wp\/v2\/types\/post"}],"author":[{"embeddable":true,"href":"https:\/\/www.europesays.com\/pt\/wp-json\/wp\/v2\/users\/2"}],"replies":[{"embeddable":true,"href":"https:\/\/www.europesays.com\/pt\/wp-json\/wp\/v2\/comments?post=37351"}],"version-history":[{"count":0,"href":"https:\/\/www.europesays.com\/pt\/wp-json\/wp\/v2\/posts\/37351\/revisions"}],"wp:featuredmedia":[{"embeddable":true,"href":"https:\/\/www.europesays.com\/pt\/wp-json\/wp\/v2\/media\/37352"}],"wp:attachment":[{"href":"https:\/\/www.europesays.com\/pt\/wp-json\/wp\/v2\/media?parent=37351"}],"wp:term":[{"taxonomy":"category","embeddable":true,"href":"https:\/\/www.europesays.com\/pt\/wp-json\/wp\/v2\/categories?post=37351"},{"taxonomy":"post_tag","embeddable":true,"href":"https:\/\/www.europesays.com\/pt\/wp-json\/wp\/v2\/tags?post=37351"}],"curies":[{"name":"wp","href":"https:\/\/api.w.org\/{rel}","templated":true}]}}