{"id":373741,"date":"2026-05-08T14:49:13","date_gmt":"2026-05-08T14:49:13","guid":{"rendered":"https:\/\/www.europesays.com\/pt\/373741\/"},"modified":"2026-05-08T14:49:13","modified_gmt":"2026-05-08T14:49:13","slug":"seminario-estadual-de-vigilancia-em-saude-divulga-programacao-inscricoes-estao-encerradas","status":"publish","type":"post","link":"https:\/\/www.europesays.com\/pt\/373741\/","title":{"rendered":"Semin\u00e1rio Estadual de Vigil\u00e2ncia em Sa\u00fade divulga programa\u00e7\u00e3o; inscri\u00e7\u00f5es est\u00e3o encerradas"},"content":{"rendered":"<p>&#13;<br \/>\n        &#13;<br \/>\n            &#13;<br \/>\n&#13;<br \/>\n            &#13;<br \/>\n&#13;<br \/>\n            &#13;<br \/>\n                <a href=\"\">8 de maio de 2026 &#8211; 10:55<\/a>&#13;<br \/>\n                                      #<a href=\"https:\/\/www.saude.ce.gov.br\/tag\/9o-seminario-estadual-de-vigilancia-em-saude\/\" rel=\"tag nofollow noopener\" target=\"_blank\">9\u00ba Semin\u00e1rio Estadual de Vigil\u00e2ncia em Sa\u00fade<\/a> #<a href=\"https:\/\/www.saude.ce.gov.br\/tag\/programacao\/\" rel=\"tag nofollow noopener\" target=\"_blank\">Programa\u00e7\u00e3o<\/a> &#13;<br \/>\n                            &#13;<br \/>\n&#13;<br \/>\n            &#13;<\/p>\n<p><img fetchpriority=\"high\" decoding=\"async\" class=\"aligncenter wp-image-152200 size-full\" src=\"https:\/\/www.europesays.com\/pt\/wp-content\/uploads\/2026\/05\/Banner-materia-1.png\" alt=\"\" width=\"775\" height=\"485\"  \/>A <strong>Secretaria da Sa\u00fade do Cear\u00e1 (Sesa)<\/strong>, por meio da Secretaria Executiva de Vigil\u00e2ncia em Sa\u00fade (Sevig), realiza, de 25 a 27 de maio, o<strong>\u00a09\u00ba Semin\u00e1rio Estadual de Vigil\u00e2ncia em Sa\u00fade<\/strong>. O evento ocorrer\u00e1 na <strong>Escola de Sa\u00fade P\u00fablica do Cear\u00e1 (ESP\/CE)<\/strong>, em Fortaleza, e j\u00e1 tem programa\u00e7\u00e3o consolidada.<\/p>\n<p>O semin\u00e1rio deve reunir gestores, trabalhadores e profissionais da \u00e1rea para discutir temas estrat\u00e9gicos e fortalecer as a\u00e7\u00f5es de <strong>preven\u00e7\u00e3o e controle de doen\u00e7as no estado<\/strong>. A ideia \u00e9 proporcionar um espa\u00e7o de debate e qualifica\u00e7\u00e3o das a\u00e7\u00f5es de sa\u00fade p\u00fablica, com programa\u00e7\u00e3o que inclui <strong>palestras, mesas-redondas, oficinas e apresenta\u00e7\u00e3o de experi\u00eancias<\/strong> exitosas desenvolvidas nos territ\u00f3rios. As inscri\u00e7\u00f5es j\u00e1 est\u00e3o encerradas.\u00a0<\/p>\n<p><strong>Samila Torquato<\/strong>, assessora de Pesquisa, Ensino e Educa\u00e7\u00e3o da Sevig, destaca a integra\u00e7\u00e3o proporcionada pelo semin\u00e1rio. \u201cQueremos promover a troca de experi\u00eancias e ampliar o debate sobre novas tecnologias. \u00c9 tamb\u00e9m uma oportunidade de conhecer pr\u00e1ticas positivas dos munic\u00edpios e qualificar ainda mais as a\u00e7\u00f5es, aprimorando a resposta da sa\u00fade p\u00fablica no Cear\u00e1\u201d, destaca.<\/p>\n<p>Mostra de Experi\u00eancias Bem-Sucedidas<\/p>\n<p>Durante o evento, ser\u00e1 realizada tamb\u00e9m a <strong>7\u00aa Mostra de Experi\u00eancias Bem-Sucedidas em Vigil\u00e2ncia em Sa\u00fade do Cear\u00e1<\/strong>, voltada \u00e0 divulga\u00e7\u00e3o de iniciativas desenvolvidas em 2025. Os trabalhos devem ser submetidos no formato de relato de experi\u00eancia, com foco em resultados, impacto e inova\u00e7\u00e3o. A submiss\u00e3o dos trabalhos cient\u00edficos tamb\u00e9m pode ser realizada a partir desta ter\u00e7a (24).<\/p>\n<p><strong>Servi\u00e7o:<\/strong><br \/>9\u00ba Semin\u00e1rio Estadual de Vigil\u00e2ncia em Sa\u00fade<br \/>Escola de Sa\u00fade P\u00fablica do Cear\u00e1 (ESP\/CE)<br \/>25 a 27 de maio<br \/>Inscri\u00e7\u00f5es encerradas<\/p>\n<p>&#13;<br \/>\n            &#13;<br \/>\n&#13;<br \/>\n&#13;<\/p>\n","protected":false},"excerpt":{"rendered":"&#13; &#13; &#13; &#13; &#13; &#13; &#13; 8 de maio de 2026 &#8211; 10:55&#13; #9\u00ba Semin\u00e1rio Estadual de&hellip;\n","protected":false},"author":2,"featured_media":373742,"comment_status":"","ping_status":"","sticky":false,"template":"","format":"standard","meta":{"footnotes":"","_share_on_mastodon":"0"},"categories":[86],"tags":[62974,116,32,703,33,117],"class_list":["post-373741","post","type-post","status-publish","format-standard","has-post-thumbnail","category-saude","tag-9o-seminario-estadual-de-vigilancia-em-saude","tag-health","tag-portugal","tag-programacao","tag-pt","tag-saude"],"share_on_mastodon":{"url":"https:\/\/pubeurope.com\/@pt\/116539514298934315","error":""},"_links":{"self":[{"href":"https:\/\/www.europesays.com\/pt\/wp-json\/wp\/v2\/posts\/373741","targetHints":{"allow":["GET"]}}],"collection":[{"href":"https:\/\/www.europesays.com\/pt\/wp-json\/wp\/v2\/posts"}],"about":[{"href":"https:\/\/www.europesays.com\/pt\/wp-json\/wp\/v2\/types\/post"}],"author":[{"embeddable":true,"href":"https:\/\/www.europesays.com\/pt\/wp-json\/wp\/v2\/users\/2"}],"replies":[{"embeddable":true,"href":"https:\/\/www.europesays.com\/pt\/wp-json\/wp\/v2\/comments?post=373741"}],"version-history":[{"count":0,"href":"https:\/\/www.europesays.com\/pt\/wp-json\/wp\/v2\/posts\/373741\/revisions"}],"wp:featuredmedia":[{"embeddable":true,"href":"https:\/\/www.europesays.com\/pt\/wp-json\/wp\/v2\/media\/373742"}],"wp:attachment":[{"href":"https:\/\/www.europesays.com\/pt\/wp-json\/wp\/v2\/media?parent=373741"}],"wp:term":[{"taxonomy":"category","embeddable":true,"href":"https:\/\/www.europesays.com\/pt\/wp-json\/wp\/v2\/categories?post=373741"},{"taxonomy":"post_tag","embeddable":true,"href":"https:\/\/www.europesays.com\/pt\/wp-json\/wp\/v2\/tags?post=373741"}],"curies":[{"name":"wp","href":"https:\/\/api.w.org\/{rel}","templated":true}]}}