{"id":374661,"date":"2026-05-09T07:21:16","date_gmt":"2026-05-09T07:21:16","guid":{"rendered":"https:\/\/www.europesays.com\/pt\/374661\/"},"modified":"2026-05-09T07:21:16","modified_gmt":"2026-05-09T07:21:16","slug":"ceo-da-caixa-muito-mais-preocupado-com-a-oferta-de-casas-do-que-com-a-garantia-banca-financas","status":"publish","type":"post","link":"https:\/\/www.europesays.com\/pt\/374661\/","title":{"rendered":"CEO da Caixa &#8220;muito mais preocupado&#8221; com a oferta de casas do que com a garantia &#8211; Banca &#038; Finan\u00e7as"},"content":{"rendered":"<p class=\"\">&#13;<br \/>\n        O CEO da Caixa Geral de Dep\u00f3sitos (CGD) reafirma que \u00e9 no lado da oferta que estar\u00e1 a solu\u00e7\u00e3o para o problema de acesso \u00e0 habita\u00e7\u00e3o em Portugal. Por isso, Paulo Macedo entende que uma eventual continua\u00e7\u00e3o da garantia do Estado de apoio aos jovens at\u00e9 aos 35 anos na compra da primeira casa a cr\u00e9dito (que est\u00e1 programada para terminar em 2026) <b>ser\u00e1 bem vinda, se n\u00e3o surgirem medidas que ajudem a colocar mais casas no mercado.\u00a0<\/b>&#13;\n    <\/p>\n","protected":false},"excerpt":{"rendered":"&#13; O CEO da Caixa Geral de Dep\u00f3sitos (CGD) reafirma que \u00e9 no lado da oferta que estar\u00e1&hellip;\n","protected":false},"author":2,"featured_media":374662,"comment_status":"","ping_status":"","sticky":false,"template":"","format":"standard","meta":{"footnotes":"","_share_on_mastodon":"0"},"categories":[83],"tags":[740,88,20406,40955,89,90,14852,59487,16648,15970,32,33],"class_list":["post-374661","post","type-post","status-publish","format-standard","has-post-thumbnail","category-empresas","tag-alvaro-santos-pereira","tag-business","tag-caixa-geral-de-depositos","tag-credito-e-divida","tag-economy","tag-empresas","tag-emprestimos","tag-mil-milhoes-de-euros","tag-milhoes","tag-paulo-macedo","tag-portugal","tag-pt"],"share_on_mastodon":{"url":"https:\/\/pubeurope.com\/@pt\/116543415031830518","error":""},"_links":{"self":[{"href":"https:\/\/www.europesays.com\/pt\/wp-json\/wp\/v2\/posts\/374661","targetHints":{"allow":["GET"]}}],"collection":[{"href":"https:\/\/www.europesays.com\/pt\/wp-json\/wp\/v2\/posts"}],"about":[{"href":"https:\/\/www.europesays.com\/pt\/wp-json\/wp\/v2\/types\/post"}],"author":[{"embeddable":true,"href":"https:\/\/www.europesays.com\/pt\/wp-json\/wp\/v2\/users\/2"}],"replies":[{"embeddable":true,"href":"https:\/\/www.europesays.com\/pt\/wp-json\/wp\/v2\/comments?post=374661"}],"version-history":[{"count":0,"href":"https:\/\/www.europesays.com\/pt\/wp-json\/wp\/v2\/posts\/374661\/revisions"}],"wp:featuredmedia":[{"embeddable":true,"href":"https:\/\/www.europesays.com\/pt\/wp-json\/wp\/v2\/media\/374662"}],"wp:attachment":[{"href":"https:\/\/www.europesays.com\/pt\/wp-json\/wp\/v2\/media?parent=374661"}],"wp:term":[{"taxonomy":"category","embeddable":true,"href":"https:\/\/www.europesays.com\/pt\/wp-json\/wp\/v2\/categories?post=374661"},{"taxonomy":"post_tag","embeddable":true,"href":"https:\/\/www.europesays.com\/pt\/wp-json\/wp\/v2\/tags?post=374661"}],"curies":[{"name":"wp","href":"https:\/\/api.w.org\/{rel}","templated":true}]}}