{"id":374809,"date":"2026-05-09T11:17:15","date_gmt":"2026-05-09T11:17:15","guid":{"rendered":"https:\/\/www.europesays.com\/pt\/374809\/"},"modified":"2026-05-09T11:17:15","modified_gmt":"2026-05-09T11:17:15","slug":"medico-do-hc-de-botucatu-explica-aumento-de-infartos-entre-jovens","status":"publish","type":"post","link":"https:\/\/www.europesays.com\/pt\/374809\/","title":{"rendered":"M\u00e9dico do HC de Botucatu explica aumento de infartos entre jovens"},"content":{"rendered":"<p>                        &#13;<br \/>\n                <a href=\"https:\/\/acontecebotucatu.com.br\/categoria\/saude\/\" style=\"color: #4ddbc3;\" rel=\"nofollow noopener\" target=\"_blank\">&#13;<br \/>\n                    &#13;<br \/>\n                    Sa\u00fade                <\/a>&#13;<\/p>\n<p>            <img decoding=\"async\" class=\"lazy\" src=\"https:\/\/www.europesays.com\/pt\/wp-content\/uploads\/2025\/08\/calendar.png\" alt=\"M\u00e9dico do HC de Botucatu explica aumento de infartos entre jovens\"\/> 09 maio 2026<\/p>\n<p>N\u00famero crescente de infartos est\u00e1 associado ao estilo de vida. <\/p>\n<p><img loading=\"lazy\" decoding=\"async\" width=\"1280\" height=\"853\" src=\"https:\/\/www.europesays.com\/pt\/wp-content\/uploads\/2026\/05\/5651f913-8fe9-4aff-8981-427fefae0404.jpg\" alt=\"\" class=\"wp-image-273334 lazy\"  data-\/><\/p>\n<p>O n\u00famero n\u00e3o \u00e9 uma novidade \u2013 30% das mortes no Brasil s\u00e3o provocadas por doen\u00e7as cardiovasculares. O elemento novo neste contexto \u00e9 que indiv\u00edduos abaixo dos 40 anos t\u00eam infartado mais nas \u00faltimas d\u00e9cadas. De acordo com o m\u00e9dico cardiologista intervencionista do Hospital das Cl\u00ednicas da Faculdade de Medicina de Botucatu \u2013 Unesp (HCFMB), F\u00e1bio Cardoso Carvalho, os jovens est\u00e3o vivendo de forma pior.<\/p>\n<p>Para ele, o n\u00famero crescente de infartos est\u00e1 associado ao estilo de vida. Pouca atividade f\u00edsica, m\u00e1 alimenta\u00e7\u00e3o, tabagismo e o estresse fazem parte do cen\u00e1rio que tem levado muitos jovens a infartar. \u201cEra algo muito raro no come\u00e7o da minha pr\u00e1tica cl\u00ednica e que tem se tornado cada vez mais corriqueiro\u201d, lembra Carvalho.<\/p>\n<p>Outra causa que tem contribu\u00eddo para este quadro \u00e9 o uso de esteroide anabolizante. Segundo o especialista, ainda que a prescri\u00e7\u00e3o seja feita por um(a) m\u00e9dico(a), os riscos de infarto aumentam quando os jovens escolhem fazer uso destas subst\u00e2ncias. \u201c\u00c9 pior ainda quando a prescri\u00e7\u00e3o de esteroide anabolizante vira receita de bolo; um passa para o outro como se fosse algo tranquilo\u201d, pontua.<\/p>\n<p><img loading=\"lazy\" decoding=\"async\" width=\"557\" height=\"360\" src=\"https:\/\/www.europesays.com\/pt\/wp-content\/uploads\/2026\/05\/FabioCarvalho.jpg_SITE.jpg\" alt=\"\" class=\"wp-image-273333 lazy\"  data-\/>F\u00e1bio Cardoso Carvalho: \u201cEra algo muito raro no come\u00e7o da minha pr\u00e1tica cl\u00ednica e que tem se tornado cada vez mais corriqueiro\u201d<\/p>\n<p><strong>Incid\u00eancia<\/strong><\/p>\n<p>Levando em considera\u00e7\u00e3o a popula\u00e7\u00e3o mais jovem, at\u00e9 os 40 anos de idade, \u201cos homens infartam mais do que as mulheres\u201d, explica Carvalho. As mulheres disp\u00f5em do estrog\u00eanio, horm\u00f4nio sexual feminino, que atua como um fator de prote\u00e7\u00e3o. No per\u00edodo p\u00f3s-menopausa o \u00edndice de infartos nas mulheres se equipara ao \u00edndice dos homens.<\/p>\n<p><strong>O que fazer?<\/strong><\/p>\n<p>O corpo emite sinais quando uma pessoa est\u00e1 prestes a infartar. Dor tor\u00e1cica, s\u00fabita falta de ar, desmaio e palpita\u00e7\u00e3o s\u00e3o alguns ind\u00edcios. Quando isso ocorre, \u00e9 crucial agir rapidamente acionando um servi\u00e7o de urg\u00eancia e emerg\u00eancia ou procurar espontaneamente um servi\u00e7o de sa\u00fade.<\/p>\n<p>Ainda de acordo com o especialista do HCFMB, conhecer manobras de primeiros socorros \u00e9 importante para preserva\u00e7\u00e3o da vida do indiv\u00edduo que est\u00e1 infartando. \u201cRaramente a morte s\u00fabita \u00e9 a primeira manifesta\u00e7\u00e3o de um infarto. Possivelmente o indiv\u00edduo j\u00e1 sentia algo e n\u00e3o deu a devida import\u00e2ncia\u201d, frisa.<\/p>\n<p><strong>Futuro<\/strong><\/p>\n<p>O contexto de infartos no Brasil preocupa. De acordo com Carvalho, o sedentarismo aumentou ap\u00f3s a pandemia de COVID-19. \u201cN\u00f3s temos uma perspectiva de, at\u00e9 2030, um quarto da popula\u00e7\u00e3o estar com o peso normal, com IMC abaixo de 25. As pessoas estar\u00e3o mais sedent\u00e1rias e obesas e isso, sem d\u00favida, tem um impacto sobre a sa\u00fade cardiovascular\u201d, finaliza.<\/p>\n<p>Mais informa\u00e7\u00f5es sobre o tema est\u00e3o dispon\u00edveis no PODHC Botucatu:\u00a0<strong><a href=\"https:\/\/www.youtube.com\/watch?v=xyt5FNhsOPw&amp;t=562s\" rel=\"nofollow noopener\" target=\"_blank\">https:\/\/www.youtube.com\/watch?v=xyt5FNhsOPw&amp;t=562s<\/a><\/strong><\/p>\n<p>Assessoria HCFMB <\/p>\n<p>                                Compartilhe esta not\u00edcia<\/p>\n","protected":false},"excerpt":{"rendered":"&#13; &#13; &#13; Sa\u00fade &#13; 09 maio 2026 N\u00famero crescente de infartos est\u00e1 associado ao estilo de vida.&hellip;\n","protected":false},"author":2,"featured_media":374810,"comment_status":"","ping_status":"","sticky":false,"template":"","format":"standard","meta":{"footnotes":"","_share_on_mastodon":"0"},"categories":[86],"tags":[34837,1661,116,32,33,117,29],"class_list":["post-374809","post","type-post","status-publish","format-standard","has-post-thumbnail","category-saude","tag-botucatu","tag-destaque","tag-health","tag-portugal","tag-pt","tag-saude","tag-ultimas"],"share_on_mastodon":{"url":"https:\/\/pubeurope.com\/@pt\/116544343364126661","error":""},"_links":{"self":[{"href":"https:\/\/www.europesays.com\/pt\/wp-json\/wp\/v2\/posts\/374809","targetHints":{"allow":["GET"]}}],"collection":[{"href":"https:\/\/www.europesays.com\/pt\/wp-json\/wp\/v2\/posts"}],"about":[{"href":"https:\/\/www.europesays.com\/pt\/wp-json\/wp\/v2\/types\/post"}],"author":[{"embeddable":true,"href":"https:\/\/www.europesays.com\/pt\/wp-json\/wp\/v2\/users\/2"}],"replies":[{"embeddable":true,"href":"https:\/\/www.europesays.com\/pt\/wp-json\/wp\/v2\/comments?post=374809"}],"version-history":[{"count":0,"href":"https:\/\/www.europesays.com\/pt\/wp-json\/wp\/v2\/posts\/374809\/revisions"}],"wp:featuredmedia":[{"embeddable":true,"href":"https:\/\/www.europesays.com\/pt\/wp-json\/wp\/v2\/media\/374810"}],"wp:attachment":[{"href":"https:\/\/www.europesays.com\/pt\/wp-json\/wp\/v2\/media?parent=374809"}],"wp:term":[{"taxonomy":"category","embeddable":true,"href":"https:\/\/www.europesays.com\/pt\/wp-json\/wp\/v2\/categories?post=374809"},{"taxonomy":"post_tag","embeddable":true,"href":"https:\/\/www.europesays.com\/pt\/wp-json\/wp\/v2\/tags?post=374809"}],"curies":[{"name":"wp","href":"https:\/\/api.w.org\/{rel}","templated":true}]}}