{"id":375046,"date":"2026-05-09T15:40:10","date_gmt":"2026-05-09T15:40:10","guid":{"rendered":"https:\/\/www.europesays.com\/pt\/375046\/"},"modified":"2026-05-09T15:40:10","modified_gmt":"2026-05-09T15:40:10","slug":"vacinacao-de-rebanhos-vai-ate-o-fim-de-maio-em-sao-jose-dos-campos","status":"publish","type":"post","link":"https:\/\/www.europesays.com\/pt\/375046\/","title":{"rendered":"Vacina\u00e7\u00e3o de rebanhos vai at\u00e9 o fim de maio em S\u00e3o Jos\u00e9 dos Campos"},"content":{"rendered":"<p>A Prefeitura de S\u00e3o Jos\u00e9 dos Campos segue com as campanhas gratuitas de vacina\u00e7\u00e3o de rebanhos contra brucelose, raiva e manquinha at\u00e9 o final de maio na zona rural do munic\u00edpio.<\/p>\n<p><a href=\"https:\/\/chat.whatsapp.com\/J9tOJR941pSCHetlODmHS2?mode=wwt\" target=\"_blank\" rel=\"nofollow noopener\">+ Receba as not\u00edcias do dia \u2013 clique AQUI para seguir o canal MEON no WhatsApp<\/a><\/p>\n<p>A imuniza\u00e7\u00e3o contra a brucelose acontece at\u00e9 o dia 27 de maio. J\u00e1 a vacina\u00e7\u00e3o contra raiva e manquinha ser\u00e1 realizada at\u00e9 29 de maio.<\/p>\n<p>Segundo a administra\u00e7\u00e3o municipal, foram adquiridas 10.700 doses das vacinas, aplicadas diretamente nas propriedades rurais por m\u00e9dicos veterin\u00e1rios cadastrados na Defesa Agropecu\u00e1ria do Estado de S\u00e3o Paulo.<\/p>\n<p>O munic\u00edpio \u00e9 uma das poucas cidades do pa\u00eds que assume integralmente os custos das vacinas e da contrata\u00e7\u00e3o dos profissionais respons\u00e1veis pela aplica\u00e7\u00e3o.<\/p>\n<p>Os produtores rurais que j\u00e1 possuem cadastro devem aguardar o contato da Prefeitura para o agendamento do atendimento. Caso n\u00e3o sejam acionados at\u00e9 o dia 16 de maio, a orienta\u00e7\u00e3o \u00e9 entrar em contato com a Central 156 \u2014 por telefone, site ou aplicativo \u2014 ou procurar uma unidade do Ponto Rural.<\/p>\n<p>A vacina\u00e7\u00e3o contra a brucelose \u00e9 obrigat\u00f3ria e realizada semestralmente. O produtor que deixar de vacinar os animais ou n\u00e3o comunicar o procedimento \u00e0 Defesa Agropecu\u00e1ria pode ser multado.<\/p>\n<p>Conforme os protocolos sanit\u00e1rios, a vacina contra brucelose deve ser aplicada apenas em f\u00eameas de bovinos e bubalinos, incluindo b\u00fafalos, com idade entre 3 e 8 meses.<\/p>\n<p>J\u00e1 as vacinas contra manquinha e raiva devem ser aplicadas em todo o rebanho, em dose \u00fanica. Nestes casos, n\u00e3o h\u00e1 necessidade de comunica\u00e7\u00e3o ao Estado.<\/p>\n<p>A Prefeitura tamb\u00e9m informou que o Ponto Rural do Alto da Ponte manter\u00e1 plant\u00e3o especial durante o per\u00edodo da campanha. Em S\u00e3o Francisco Xavier, os atendimentos ocorrer\u00e3o \u00e0s sextas-feiras.<\/p>\n<p>Al\u00e9m disso, o munic\u00edpio destaca que, desde a publica\u00e7\u00e3o da Portaria n\u00ba 665\/2024 do Minist\u00e9rio da Agricultura e Pecu\u00e1ria, o Estado de S\u00e3o Paulo passou a ser reconhecido nacionalmente como \u00e1rea livre de febre aftosa, eliminando a necessidade de vacina\u00e7\u00e3o contra a doen\u00e7a.<\/p>\n<p>Pontos de atendimento<\/p>\n<p>S\u00e3o Jos\u00e9 dos Campos<\/p>\n<p>Rua Alziro Lebr\u00e3o, 240 \u2013 Alto da Ponte<\/p>\n<p>Telefone: (12) 3911-6915<\/p>\n<p>S\u00e3o Francisco Xavier<\/p>\n<p>Rua XV de Novembro, 900 \u2013 Centro<\/p>\n<p>Telefone: (12) 3926-1790<\/p>\n","protected":false},"excerpt":{"rendered":"A Prefeitura de S\u00e3o Jos\u00e9 dos Campos segue com as campanhas gratuitas de vacina\u00e7\u00e3o de rebanhos contra brucelose,&hellip;\n","protected":false},"author":2,"featured_media":375047,"comment_status":"","ping_status":"","sticky":false,"template":"","format":"standard","meta":{"footnotes":"","_share_on_mastodon":"0"},"categories":[86],"tags":[21181,63101,116,63100,4907,63103,32,63102,33,5890,3567,117,63099,18649],"class_list":["post-375046","post","type-post","status-publish","format-standard","has-post-thumbnail","category-saude","tag-brucelose","tag-defesa-agropecuaria","tag-health","tag-manquinha","tag-pecuaria","tag-ponto-rural","tag-portugal","tag-produtores-rurais","tag-pt","tag-raiva-animal","tag-sao-jose-dos-campos","tag-saude","tag-vacinacao-de-rebanhos","tag-zona-rural"],"share_on_mastodon":{"url":"https:\/\/pubeurope.com\/@pt\/116545377197621488","error":""},"_links":{"self":[{"href":"https:\/\/www.europesays.com\/pt\/wp-json\/wp\/v2\/posts\/375046","targetHints":{"allow":["GET"]}}],"collection":[{"href":"https:\/\/www.europesays.com\/pt\/wp-json\/wp\/v2\/posts"}],"about":[{"href":"https:\/\/www.europesays.com\/pt\/wp-json\/wp\/v2\/types\/post"}],"author":[{"embeddable":true,"href":"https:\/\/www.europesays.com\/pt\/wp-json\/wp\/v2\/users\/2"}],"replies":[{"embeddable":true,"href":"https:\/\/www.europesays.com\/pt\/wp-json\/wp\/v2\/comments?post=375046"}],"version-history":[{"count":0,"href":"https:\/\/www.europesays.com\/pt\/wp-json\/wp\/v2\/posts\/375046\/revisions"}],"wp:featuredmedia":[{"embeddable":true,"href":"https:\/\/www.europesays.com\/pt\/wp-json\/wp\/v2\/media\/375047"}],"wp:attachment":[{"href":"https:\/\/www.europesays.com\/pt\/wp-json\/wp\/v2\/media?parent=375046"}],"wp:term":[{"taxonomy":"category","embeddable":true,"href":"https:\/\/www.europesays.com\/pt\/wp-json\/wp\/v2\/categories?post=375046"},{"taxonomy":"post_tag","embeddable":true,"href":"https:\/\/www.europesays.com\/pt\/wp-json\/wp\/v2\/tags?post=375046"}],"curies":[{"name":"wp","href":"https:\/\/api.w.org\/{rel}","templated":true}]}}