{"id":375851,"date":"2026-05-10T09:22:27","date_gmt":"2026-05-10T09:22:27","guid":{"rendered":"https:\/\/www.europesays.com\/pt\/375851\/"},"modified":"2026-05-10T09:22:27","modified_gmt":"2026-05-10T09:22:27","slug":"action-tem-o-aspirador-vertical-estilo-dyson-mais-barato-do-mercado","status":"publish","type":"post","link":"https:\/\/www.europesays.com\/pt\/375851\/","title":{"rendered":"Action tem o aspirador vertical (estilo Dyson) mais barato do mercado"},"content":{"rendered":"<p>Os aspiradores verticais ganharam espa\u00e7o de destaque nas casas portuguesas gra\u00e7as ao design compacto, \u00e0 facilidade de utiliza\u00e7\u00e3o e \u00e0 inspira\u00e7\u00e3o nos modelos de topo da Dyson. No entanto, os pre\u00e7os elevados continuam a afastar muitos consumidores (cerca de 600 euros). No entanto, a Action tem a solu\u00e7\u00e3o econ\u00f3mica com o <a href=\"https:\/\/www.action.com\/pt-pt\/p\/3005298\/aspirador-vertical-2-em-1-sauber\/\" target=\"_blank\" rel=\"noopener nofollow\">Aspirador<\/a> Vertical 2 em 1 Sauber.<\/p>\n<p>Com um pre\u00e7o muito inferior, o equipamento apresenta caracter\u00edsticas que normalmente aparecem em modelos mais caros, incluindo formato vertical, utiliza\u00e7\u00e3o port\u00e1til e filtro HEPA.<\/p>\n<p>Aspirador 2 em 1 combina formato vertical e port\u00e1til<br \/>\n<img loading=\"lazy\" decoding=\"async\" class=\"size-full wp-image-767417\" src=\"https:\/\/www.europesays.com\/pt\/wp-content\/uploads\/2026\/05\/aspirador-action.webp.webp\" alt=\"aspirador action\" width=\"1200\" height=\"1215\"  \/>\u00a9 Action<\/p>\n<p>O grande destaque deste aspirador da Sauber passa pela versatilidade. O equipamento funciona como aspirador vertical tradicional, mas tamb\u00e9m pode transformar-se num mini aspirador de m\u00e3o para limpezas r\u00e1pidas.<\/p>\n<p>Dessa forma, o aparelho adapta-se facilmente a diferentes tarefas dom\u00e9sticas, desde aspirar pavimentos at\u00e9 remover migalhas do sof\u00e1, pelos de animais ou p\u00f3 em m\u00f3veis e cantos dif\u00edceis.<\/p>\n<p>Al\u00e9m disso, o design lembra os aspiradores verticais premium que dominam atualmente o mercado, sobretudo os modelos da Dyson. Contudo, ao contr\u00e1rio das vers\u00f5es sem fios de gama alta, este aspirador utiliza alimenta\u00e7\u00e3o el\u00e9trica por cabo, permitindo utiliza\u00e7\u00e3o cont\u00ednua sem necessidade de carregamento. O cabo com seis metros de comprimento oferece maior alcance dentro de casa e reduz a necessidade de trocar constantemente de tomada durante a limpeza.<\/p>\n<p>Pre\u00e7o super baixo na Action<\/p>\n<p>O <a href=\"https:\/\/www.magazine-hd.com\/apps\/wp\/action-acessorios-gaming-mais-baratos-do-mercado\/\" target=\"_blank\" rel=\"noopener nofollow\">pre\u00e7o<\/a> de 34,95 euros coloca o aspirador da Action entre os modelos verticais mais baratos dispon\u00edveis em <a href=\"https:\/\/www.magazine-hd.com\/apps\/wp\/action-lanca-grande-promocao-toda-loja-so-esta-semana-2\/\" target=\"_blank\" rel=\"noopener nofollow\">Portugal<\/a>. Atualmente, muitos aspiradores semelhantes ultrapassam facilmente os 50 ou 80 euros, enquanto modelos Dyson chegam a custar v\u00e1rias centenas de euros.<\/p>\n<p>Al\u00e9m disso, a combina\u00e7\u00e3o entre formato compacto, pot\u00eancia de 600 watts e utiliza\u00e7\u00e3o sem saco aumenta o interesse entre consumidores que procuram solu\u00e7\u00f5es econ\u00f3micas para limpezas r\u00e1pidas do dia a dia.<\/p>\n<p>A aus\u00eancia de saco representa outra vantagem importante. Em vez de substituir consum\u00edveis regularmente, basta esvaziar o dep\u00f3sito ap\u00f3s cada utiliza\u00e7\u00e3o, permitindo poupan\u00e7a adicional a longo prazo. Outro elemento importante deste modelo passa pela presen\u00e7a de filtro HEPA, tecnologia cada vez mais procurada em aspiradores dom\u00e9sticos.<\/p>\n<p>Al\u00e9m disso, o aspirador inclui tr\u00eas acess\u00f3rios diferentes para adaptar a limpeza a v\u00e1rias superf\u00edcies e zonas da casa. O equipamento foi pensado sobretudo para pequenas limpezas di\u00e1rias e apartamentos onde o espa\u00e7o de arruma\u00e7\u00e3o \u00e9 reduzido.<\/p>\n<p>Vale a pena comprar o aspirador da Action?<\/p>\n<p>Nos \u00faltimos anos, os aspiradores verticais transformaram-se numa das categorias mais populares do <a href=\"https:\/\/www.magazine-hd.com\/apps\/wp\/action-novos-sets-lego-super-baratos\/\" target=\"_blank\" rel=\"noopener nofollow\">mercado<\/a> dom\u00e9stico. Marcas como Dyson ajudaram a impulsionar essa tend\u00eancia gra\u00e7as ao design moderno e \u00e0 facilidade de utiliza\u00e7\u00e3o.<\/p>\n<p>Contudo, os pre\u00e7os elevados abriram espa\u00e7o para alternativas mais acess\u00edveis.\u00a0Para quem procura um aspirador compacto, simples e econ\u00f3mico para limpezas r\u00e1pidas, o aspirador da Action \u00e9 o mais barato do mercado.<\/p>\n","protected":false},"excerpt":{"rendered":"Os aspiradores verticais ganharam espa\u00e7o de destaque nas casas portuguesas gra\u00e7as ao design compacto, \u00e0 facilidade de utiliza\u00e7\u00e3o&hellip;\n","protected":false},"author":2,"featured_media":342385,"comment_status":"","ping_status":"","sticky":false,"template":"","format":"standard","meta":{"footnotes":"","_share_on_mastodon":"0"},"categories":[85],"tags":[7575,36400,4252,4251,16690,114,115,42,32,2406,33],"class_list":["post-375851","post","type-post","status-publish","format-standard","has-post-thumbnail","category-entretenimento","tag-action","tag-aspirador-vertical","tag-barato","tag-desconto","tag-dyson","tag-entertainment","tag-entretenimento","tag-mercado","tag-portugal","tag-promocao","tag-pt"],"share_on_mastodon":{"url":"https:\/\/pubeurope.com\/@pt\/116549553354200905","error":""},"_links":{"self":[{"href":"https:\/\/www.europesays.com\/pt\/wp-json\/wp\/v2\/posts\/375851","targetHints":{"allow":["GET"]}}],"collection":[{"href":"https:\/\/www.europesays.com\/pt\/wp-json\/wp\/v2\/posts"}],"about":[{"href":"https:\/\/www.europesays.com\/pt\/wp-json\/wp\/v2\/types\/post"}],"author":[{"embeddable":true,"href":"https:\/\/www.europesays.com\/pt\/wp-json\/wp\/v2\/users\/2"}],"replies":[{"embeddable":true,"href":"https:\/\/www.europesays.com\/pt\/wp-json\/wp\/v2\/comments?post=375851"}],"version-history":[{"count":0,"href":"https:\/\/www.europesays.com\/pt\/wp-json\/wp\/v2\/posts\/375851\/revisions"}],"wp:featuredmedia":[{"embeddable":true,"href":"https:\/\/www.europesays.com\/pt\/wp-json\/wp\/v2\/media\/342385"}],"wp:attachment":[{"href":"https:\/\/www.europesays.com\/pt\/wp-json\/wp\/v2\/media?parent=375851"}],"wp:term":[{"taxonomy":"category","embeddable":true,"href":"https:\/\/www.europesays.com\/pt\/wp-json\/wp\/v2\/categories?post=375851"},{"taxonomy":"post_tag","embeddable":true,"href":"https:\/\/www.europesays.com\/pt\/wp-json\/wp\/v2\/tags?post=375851"}],"curies":[{"name":"wp","href":"https:\/\/api.w.org\/{rel}","templated":true}]}}