{"id":375874,"date":"2026-05-10T09:42:22","date_gmt":"2026-05-10T09:42:22","guid":{"rendered":"https:\/\/www.europesays.com\/pt\/375874\/"},"modified":"2026-05-10T09:42:22","modified_gmt":"2026-05-10T09:42:22","slug":"gravida-aos-32-mulher-de-cantor-famoso-mostra-quarto-de-luxo-do-filho-com-protecao-contra-alergias","status":"publish","type":"post","link":"https:\/\/www.europesays.com\/pt\/375874\/","title":{"rendered":"Gr\u00e1vida aos 32, mulher de cantor famoso mostra quarto de luxo do filho com prote\u00e7\u00e3o contra alergias"},"content":{"rendered":"<p>A poucos dias de dar \u00e0 luz, uma das dan\u00e7arinas mais queridas do Brasil abriu as portas de sua mans\u00e3o para mostrar os detalhes do novo quarto do ca\u00e7ula, por meio do seu perfil do Instagram.<\/p>\n<p>\u00c0 espera de <strong>Levi<\/strong>, previsto para nascer ainda este m\u00eas, a empres\u00e1ria planejou cada detalhe do ambiente que mistura sofistica\u00e7\u00e3o e praticidade. O tema escolhido foi \u201csaf\u00e1ri\u201d, trazendo uma atmosfera l\u00fadica e acolhedora para o novo integrante da fam\u00edlia.<\/p>\n<p>A famosa em quest\u00e3o \u00e9 <a href=\"https:\/\/caras.com.br\/tags\/lore-improta\" rel=\"nofollow noopener\" target=\"_blank\"><strong>Lore Improta<\/strong><\/a>, casada com o cantor <a href=\"https:\/\/caras.com.br\/tags\/leo-santana\" rel=\"nofollow noopener\" target=\"_blank\"><strong>L\u00e9o Santana<\/strong><\/a>. O casal, que j\u00e1 tem a pequena <strong>Liz<\/strong>, de 4 anos, decidiu criar um espa\u00e7o completo para o beb\u00ea, incluindo banheiro privativo e um closet exclusivo para facilitar a rotina de cuidados no dia a dia.<\/p>\n<p> Decora\u00e7\u00e3o em aquarela e tons naturais <\/p>\n<p>O design do quarto foca em elementos suaves. O grande destaque \u00e9 o papel de parede, que apresenta o desenho de uma \u00e1rvore em estilo aquarela. Para o mobili\u00e1rio, que inclui ber\u00e7o, trocador, c\u00f4moda e cama auxiliar, a influenciadora optou pelo branco cl\u00e1ssico.<\/p>\n<p>J\u00e1 o enxoval e os detalhes decorativos seguem uma paleta de cores em verde e bege. Uma das paredes laterais foi pintada em um tom de verde fechado e decorada com quadros de animais como girafas, elefantes e le\u00f5es, refor\u00e7ando o tema de natureza.<\/p>\n<p> Li\u00e7\u00f5es da primeira maternidade contra alergias <\/p>\n<p>Como j\u00e1 n\u00e3o \u00e9 m\u00e3e de primeira viagem, Lore fez ajustes baseados no que aprendeu com a primog\u00eanita, focando especialmente no bem-estar do rec\u00e9m-nascido. Uma das mudan\u00e7as principais foi o tamanho dos itens t\u00eaxteis para evitar o ac\u00famulo de poeira. A dan\u00e7arina disse que optou por um tapete menor.<\/p>\n<p>Al\u00e9m do cuidado com a sa\u00fade, a funcionalidade tamb\u00e9m foi prioridade de ter uma poltrona de amamenta\u00e7\u00e3o. Para garantir a seguran\u00e7a, o ambiente \u00e9 monitorado por c\u00e2meras em diferentes \u00e2ngulos, permitindo que os pais acompanhem o sono do beb\u00ea em tempo real.<\/p>\n<p><strong>Leia tamb\u00e9m<\/strong>: <a href=\"https:\/\/caras.com.br\/atualidades\/aos-32-anos-famosa-casada-com-cantor-impressiona-com-aparencia-em-segunda-gestacao-mais-ainda.phtml\" rel=\"nofollow noopener\" target=\"_blank\">Aos 32 anos, famosa casada com cantor impressiona com apar\u00eancia em segunda gesta\u00e7\u00e3o: \u2018Mais ainda\u2019<\/a><\/p>\n<p>\t <img decoding=\"async\" src=\"https:\/\/www.europesays.com\/pt\/wp-content\/uploads\/2026\/05\/quarto-levi-filho-lore-improta-leo-santana-12-1.jpg\" class=\"img-fluid lazy\"\/><\/p>\n<p>Foto: Reprodu\u00e7\u00e3o\/Instagram\/@loreimprota<\/p>\n<p>    <img decoding=\"async\" src=\"https:\/\/www.europesays.com\/pt\/wp-content\/uploads\/2026\/05\/quarto-levi-filho-lore-improta-leo-santana-2-1.jpg\" class=\"img-fluid lazy\"\/><\/p>\n<p>Foto: Reprodu\u00e7\u00e3o\/Instagram\/@loreimprota<\/p>\n<p>    <img decoding=\"async\" src=\"https:\/\/www.europesays.com\/pt\/wp-content\/uploads\/2026\/05\/quarto-levi-filho-lore-improta-leo-santana-1.jpg\" class=\"img-fluid lazy\"\/><\/p>\n<p>Foto: Reprodu\u00e7\u00e3o\/Instagram\/@loreimprota<\/p>\n<p>                        Previous<\/p>\n<p>                        Next<br \/>\n                     ACOMPANHE AS <a href=\"https:\/\/www.instagram.com\/carasbrasil\/\" rel=\"nofollow noopener\" target=\"_blank\">REDES SOCIAIS DA CARAS BRSAIL<\/a> E FIQUE POR DENTRO DE TUDO O QUE ACONTECE NO MUNDO DOS FAMOSOS: <\/p>\n<blockquote class=\"instagram-media\" style=\"background: #FFF; border: 0; border-radius: 3px; box-shadow: 0 0 1px 0 rgba(0,0,0,0.5),0 1px 10px 0 rgba(0,0,0,0.15); margin: 1px; max-width: 540px; min-width: 326px; padding: 0; width: calc(100% - 2px);\" data-instgrm-permalink=\"https:\/\/www.instagram.com\/p\/DYC_YiSlTQ6\/?utm_source=ig_embed&amp;utm_campaign=loading\" data-instgrm-version=\"14\"><\/blockquote>\n<p>        <a href=\"https:\/\/caras.com.br\/autor\/ana-julia-resende\" rel=\"nofollow noopener\" target=\"_blank\">&#13;<br \/>\n          <img loading=\"lazy\" decoding=\"async\" alt=\"Ana Julia Resende\" src=\"https:\/\/www.europesays.com\/pt\/wp-content\/uploads\/2026\/04\/ana-julia-resende-reporter-150x150.jpeg\" class=\"avatar avatar-115 photo rounded-circle\" height=\"115\" width=\"115\"\/>        <\/a><\/p>\n<p>Ana J\u00falia Resende \u00e9 jornalista formada pela Faculdade C\u00e1sper L\u00edbero. Apaixonada pela comunica\u00e7\u00e3o e por contar boas hist\u00f3rias, escreve sobre celebridades, m\u00fasica e novelas.<\/p>\n<p>\t                                            <script async src=\"\/\/www.instagram.com\/embed.js\"><\/script><\/p>\n","protected":false},"excerpt":{"rendered":"A poucos dias de dar \u00e0 luz, uma das dan\u00e7arinas mais queridas do Brasil abriu as portas de&hellip;\n","protected":false},"author":2,"featured_media":375875,"comment_status":"","ping_status":"","sticky":false,"template":"","format":"standard","meta":{"footnotes":"","_share_on_mastodon":"0"},"categories":[145],"tags":[211,210,114,115,11500,11499,32,33],"class_list":["post-375874","post","type-post","status-publish","format-standard","has-post-thumbnail","category-celebridades","tag-celebridades","tag-celebrities","tag-entertainment","tag-entretenimento","tag-leo-santana","tag-lore-improta","tag-portugal","tag-pt"],"share_on_mastodon":{"url":"https:\/\/pubeurope.com\/@pt\/116549631773476796","error":""},"_links":{"self":[{"href":"https:\/\/www.europesays.com\/pt\/wp-json\/wp\/v2\/posts\/375874","targetHints":{"allow":["GET"]}}],"collection":[{"href":"https:\/\/www.europesays.com\/pt\/wp-json\/wp\/v2\/posts"}],"about":[{"href":"https:\/\/www.europesays.com\/pt\/wp-json\/wp\/v2\/types\/post"}],"author":[{"embeddable":true,"href":"https:\/\/www.europesays.com\/pt\/wp-json\/wp\/v2\/users\/2"}],"replies":[{"embeddable":true,"href":"https:\/\/www.europesays.com\/pt\/wp-json\/wp\/v2\/comments?post=375874"}],"version-history":[{"count":0,"href":"https:\/\/www.europesays.com\/pt\/wp-json\/wp\/v2\/posts\/375874\/revisions"}],"wp:featuredmedia":[{"embeddable":true,"href":"https:\/\/www.europesays.com\/pt\/wp-json\/wp\/v2\/media\/375875"}],"wp:attachment":[{"href":"https:\/\/www.europesays.com\/pt\/wp-json\/wp\/v2\/media?parent=375874"}],"wp:term":[{"taxonomy":"category","embeddable":true,"href":"https:\/\/www.europesays.com\/pt\/wp-json\/wp\/v2\/categories?post=375874"},{"taxonomy":"post_tag","embeddable":true,"href":"https:\/\/www.europesays.com\/pt\/wp-json\/wp\/v2\/tags?post=375874"}],"curies":[{"name":"wp","href":"https:\/\/api.w.org\/{rel}","templated":true}]}}