{"id":376508,"date":"2026-05-10T20:31:17","date_gmt":"2026-05-10T20:31:17","guid":{"rendered":"https:\/\/www.europesays.com\/pt\/376508\/"},"modified":"2026-05-10T20:31:17","modified_gmt":"2026-05-10T20:31:17","slug":"mais-valia-ter-ido-sozinho-ao-lado-de-homem-especial-bernardina-brito-e-criticada-e-tem-reacao-inesperada","status":"publish","type":"post","link":"https:\/\/www.europesays.com\/pt\/376508\/","title":{"rendered":"&#8220;Mais valia ter ido sozinho&#8221;: ao lado de homem especial, Bernardina Brito \u00e9 criticada&#8230; e tem rea\u00e7\u00e3o inesperada!"},"content":{"rendered":"<p>Foi na semana passada que <a href=\"https:\/\/selfie.iol.pt\/famosos\/bernardina-brito\/bernardina-brito-justifica-falso-romance-com-badoxa-tinha-um-contrato-a-cumprir\/20260506\/69fb2339d34e28842c83b547\" target=\"_blank\" rel=\"nofollow noopener\">Badoxa e Bernardina Brito marcaram presen\u00e7a<\/a> numa das edi\u00e7\u00f5es do programa &#8220;Dois \u00e0s 10&#8221; para esclarecerem algumas pol\u00e9micas que t\u00eam protagonizado nos \u00faltimos tempos.<\/p>\n<p>Entretanto, no Instagram, o cantor decidiu partilhar um registo desse momento. &#8220;Obrigado a todos pelo vosso apoio e carinho. O que \u00e9 puro dura para sempre. Gratos a todos voc\u00eas por cada mensagem, partilha, identifica\u00e7\u00e3o&#8221;, assinalou Badoxa na legenda da fotografia, na qual surge com a ex-concorrente de &#8220;<a href=\"https:\/\/tvi.iol.pt\/secretstory\/\" target=\"_top\" rel=\"nofollow noopener\">Secret Story &#8211; Casa dos Segredos<\/a>&#8220;.<\/p>\n<p>E, na caixa de coment\u00e1rios da publica\u00e7\u00e3o, multiplicaram-se mensagens positivas, assim como uma ou outra cr\u00edtica. &#8220;Mais valia ter ido sozinho, ele \u00e9 que \u00e9 o artista, n\u00e3o \u00e9 a parola&#8221;, atirou, por exemplo, uma seguidora. E Bernardina Brito surpreendeu na resposta, deixando, apenas, emojis em forma de cora\u00e7\u00e3o.<\/p>\n<p>Veja, agora, a imagem partilhada por Badoxa na galeria de fotografias que prepar\u00e1mos para si.<\/p>\n","protected":false},"excerpt":{"rendered":"Foi na semana passada que Badoxa e Bernardina Brito marcaram presen\u00e7a numa das edi\u00e7\u00f5es do programa &#8220;Dois \u00e0s&hellip;\n","protected":false},"author":2,"featured_media":339831,"comment_status":"","ping_status":"","sticky":false,"template":"","format":"standard","meta":{"footnotes":"","_share_on_mastodon":"0"},"categories":[145],"tags":[13486,5303,2632,211,210,114,115,980,1015,619,32,33,1014,1315,1012,162],"class_list":["post-376508","post","type-post","status-publish","format-standard","has-post-thumbnail","category-celebridades","tag-badoxa","tag-bernardina-brito","tag-casa-dos-segredos","tag-celebridades","tag-celebrities","tag-entertainment","tag-entretenimento","tag-famosos","tag-instagram","tag-nacional","tag-portugal","tag-pt","tag-reality-show","tag-secret-story","tag-selfie","tag-tvi"],"share_on_mastodon":{"url":"https:\/\/pubeurope.com\/@pt\/116552183801230408","error":""},"_links":{"self":[{"href":"https:\/\/www.europesays.com\/pt\/wp-json\/wp\/v2\/posts\/376508","targetHints":{"allow":["GET"]}}],"collection":[{"href":"https:\/\/www.europesays.com\/pt\/wp-json\/wp\/v2\/posts"}],"about":[{"href":"https:\/\/www.europesays.com\/pt\/wp-json\/wp\/v2\/types\/post"}],"author":[{"embeddable":true,"href":"https:\/\/www.europesays.com\/pt\/wp-json\/wp\/v2\/users\/2"}],"replies":[{"embeddable":true,"href":"https:\/\/www.europesays.com\/pt\/wp-json\/wp\/v2\/comments?post=376508"}],"version-history":[{"count":0,"href":"https:\/\/www.europesays.com\/pt\/wp-json\/wp\/v2\/posts\/376508\/revisions"}],"wp:featuredmedia":[{"embeddable":true,"href":"https:\/\/www.europesays.com\/pt\/wp-json\/wp\/v2\/media\/339831"}],"wp:attachment":[{"href":"https:\/\/www.europesays.com\/pt\/wp-json\/wp\/v2\/media?parent=376508"}],"wp:term":[{"taxonomy":"category","embeddable":true,"href":"https:\/\/www.europesays.com\/pt\/wp-json\/wp\/v2\/categories?post=376508"},{"taxonomy":"post_tag","embeddable":true,"href":"https:\/\/www.europesays.com\/pt\/wp-json\/wp\/v2\/tags?post=376508"}],"curies":[{"name":"wp","href":"https:\/\/api.w.org\/{rel}","templated":true}]}}