{"id":376699,"date":"2026-05-10T23:36:31","date_gmt":"2026-05-10T23:36:31","guid":{"rendered":"https:\/\/www.europesays.com\/pt\/376699\/"},"modified":"2026-05-10T23:36:31","modified_gmt":"2026-05-10T23:36:31","slug":"namorado-de-sofia-sousa-surge-muito-diferente-e-a-ex-concorrente-de-secret-story-nao-resiste","status":"publish","type":"post","link":"https:\/\/www.europesays.com\/pt\/376699\/","title":{"rendered":"Namorado de Sofia Sousa surge muito diferente&#8230; e a ex-concorrente de &#8220;Secret Story&#8221; n\u00e3o resiste!"},"content":{"rendered":"<p>Foi h\u00e1 quase um m\u00eas que <a href=\"https:\/\/selfie.iol.pt\/famosos\/sofia-sousa\/em-foto-inedita-sofia-sousa-posa-ao-lado-do-namorado-e-declara-se-amo-te\/20260507\/69fcbfc6d34e28842c83c532\" target=\"_blank\" rel=\"nofollow noopener\">Sofia Sousa<\/a> apresentou publicamente o namorado, <a href=\"https:\/\/selfie.iol.pt\/famosos\/sofia-sousa\/namorado-de-sofia-sousa-gerado-por-inteligencia-artificial-eis-a-resposta\/20260423\/69e9d269d34e28842c833a76\" target=\"_blank\" rel=\"nofollow noopener\">Bruno<\/a>, que tem feito furor nas redes sociais.<\/p>\n<p>Entretanto, este domingo, dia 10, o jovem mostrou-se muito diferente: numa fotografia antiga, Bruno surge com o cabelo mais curto, contrastando com o penteado atual.<\/p>\n<p>Na caixa de coment\u00e1rios da publica\u00e7\u00e3o, Sofia Sousa n\u00e3o resistiu a deixar uma mensagem. &#8220;Meu esposo \u00e9 o mais lindo de todo o universo. N\u00e3o s\u00f3 fisicamente, mas como ser humano tamb\u00e9m. O mais incr\u00edvel! Grata a Deus por te termos nas nossas vidas. Amo-te muito&#8221;, elogiou a ex-concorrente de &#8220;<a href=\"https:\/\/tvi.iol.pt\/secretstory\/\" target=\"_blank\" rel=\"nofollow noopener\">Secret Story &#8211; Casa dos Segredos<\/a>&#8220;.<\/p>\n<p>Veja, agora, as imagens partilhadas por Bruno Sousa na galeria de fotografias que prepar\u00e1mos para si.<\/p>\n","protected":false},"excerpt":{"rendered":"Foi h\u00e1 quase um m\u00eas que Sofia Sousa apresentou publicamente o namorado, Bruno, que tem feito furor nas&hellip;\n","protected":false},"author":2,"featured_media":376700,"comment_status":"","ping_status":"","sticky":false,"template":"","format":"standard","meta":{"footnotes":"","_share_on_mastodon":"0"},"categories":[145],"tags":[2632,211,210,114,115,980,1015,619,32,33,1014,1315,1012,20860,162],"class_list":["post-376699","post","type-post","status-publish","format-standard","has-post-thumbnail","category-celebridades","tag-casa-dos-segredos","tag-celebridades","tag-celebrities","tag-entertainment","tag-entretenimento","tag-famosos","tag-instagram","tag-nacional","tag-portugal","tag-pt","tag-reality-show","tag-secret-story","tag-selfie","tag-sofia-sousa","tag-tvi"],"share_on_mastodon":{"url":"https:\/\/pubeurope.com\/@pt\/116552911150586507","error":""},"_links":{"self":[{"href":"https:\/\/www.europesays.com\/pt\/wp-json\/wp\/v2\/posts\/376699","targetHints":{"allow":["GET"]}}],"collection":[{"href":"https:\/\/www.europesays.com\/pt\/wp-json\/wp\/v2\/posts"}],"about":[{"href":"https:\/\/www.europesays.com\/pt\/wp-json\/wp\/v2\/types\/post"}],"author":[{"embeddable":true,"href":"https:\/\/www.europesays.com\/pt\/wp-json\/wp\/v2\/users\/2"}],"replies":[{"embeddable":true,"href":"https:\/\/www.europesays.com\/pt\/wp-json\/wp\/v2\/comments?post=376699"}],"version-history":[{"count":0,"href":"https:\/\/www.europesays.com\/pt\/wp-json\/wp\/v2\/posts\/376699\/revisions"}],"wp:featuredmedia":[{"embeddable":true,"href":"https:\/\/www.europesays.com\/pt\/wp-json\/wp\/v2\/media\/376700"}],"wp:attachment":[{"href":"https:\/\/www.europesays.com\/pt\/wp-json\/wp\/v2\/media?parent=376699"}],"wp:term":[{"taxonomy":"category","embeddable":true,"href":"https:\/\/www.europesays.com\/pt\/wp-json\/wp\/v2\/categories?post=376699"},{"taxonomy":"post_tag","embeddable":true,"href":"https:\/\/www.europesays.com\/pt\/wp-json\/wp\/v2\/tags?post=376699"}],"curies":[{"name":"wp","href":"https:\/\/api.w.org\/{rel}","templated":true}]}}