{"id":37687,"date":"2025-08-20T17:54:07","date_gmt":"2025-08-20T17:54:07","guid":{"rendered":"https:\/\/www.europesays.com\/pt\/37687\/"},"modified":"2025-08-20T17:54:07","modified_gmt":"2025-08-20T17:54:07","slug":"james-gunn-fala-sobre-proximos-passos-do-dcu","status":"publish","type":"post","link":"https:\/\/www.europesays.com\/pt\/37687\/","title":{"rendered":"James Gunn fala sobre pr\u00f3ximos passos do DCU"},"content":{"rendered":"<p>Enquanto trabalha em\u00a0<strong>Supergirl\u00a0<\/strong>e no lan\u00e7amento dos novos epis\u00f3dios de\u00a0<strong>Pacificador<\/strong>,\u00a0<strong>James Gunn\u00a0<\/strong>falou sobre os pr\u00f3ximos passos do\u00a0<strong>DCU<\/strong> inaugurado por\u00a0<strong>Superman<\/strong>.\u00a0<\/p>\n<p>&#8220;Eu posso dizer que provavelmente o pr\u00f3ximo filme que faremos \u00e9 a sequ\u00eancia de Superman, mas eu n\u00e3o posso entrar em muitos detalhes agora, apenas que provavelmente \u00e9 o nosso pr\u00f3ximo projeto, eu acho&#8221;, disse Gunn em entrevista a <strong>Chris Hardwick<\/strong> (via <a href=\"https:\/\/comicbookmovie.com\/superman\/james-gunn-shares-new-details-about-his-superman-follow-up-and-reveals-which-dcu-projects-shoot-next-a223430\" rel=\"nofollow noopener\" target=\"_blank\">ComicBook<\/a>).\u00a0&#8220;N\u00f3s, espero, come\u00e7aremos a fazer Batman: Parte 2 antes disso, e ent\u00e3o, eu acho que vir\u00e1 a sequ\u00eancia [de Superman]. E ent\u00e3o teremos outra s\u00e9rie de TV, que ningu\u00e9m sabe sobre, e vir\u00e1 a seguir&#8221;, concluiu.<\/p>\n<p>      Tudo sobre o novo filme de Superman<\/p>\n<p>Com\u00a0David Corenswet\u00a0(Pearl) no papel t\u00edtulo, o elenco de\u00a0Superman\u00a0conta com\u00a0Rachel Brosnahan\u00a0(A Maravilhosa Sra. Maisel) como Lois Lane;\u00a0Nicholas Hoult\u00a0(Nosferatu) como Lex Luthor;\u00a0Skyler Gisondo\u00a0(Licorice Pizza) como Jimmy Olsen e\u00a0Wendell Pierce\u00a0(The Wire)\u00a0como Perry White, editor-chefe do Planeta Di\u00e1rio.<\/p>\n<p>Outros personagens da DC estar\u00e3o no filme.\u00a0Nathan Fillion\u00a0interpreta o Lanterna Verde Guy Gardner,\u00a0Isabela Merced\u00a0ser\u00e1 Mulher-Gavi\u00e3o,\u00a0Edi Gathegi\u00a0far\u00e1 o Sr. Incr\u00edvel e Anthony Carrigan est\u00e1 no papel de Metamorfo. Al\u00e9m destes, o filme tem\u00a0Mar\u00eda Gabriela De Faria\u00a0como a Engenheira, personagem que depois aparecer\u00e1 no grupo\u00a0The Authority, que ter\u00e1 seu pr\u00f3prio filme. \u00c9 esperado tamb\u00e9m que a Supergirl de\u00a0Milly Alcock\u00a0tenha uma ponta no filme.<\/p>\n<p>James Gunn\u00a0\u00e9 o roteirista e diretor do novo\u00a0Superman, que ter\u00e1 hist\u00f3ria focada num Clark Kent mais jovem, logo depois de deixar Smallville, e nos primeiros dias como rep\u00f3rter na cidade de Metr\u00f3poles. Paralelo ao come\u00e7o de sua carreira profissional, ele tamb\u00e9m d\u00e1 os passos iniciais como Superman. O filme, por\u00e9m, n\u00e3o \u00e9 uma hist\u00f3ria de origem, ent\u00e3o n\u00e3o veremos Krypton explodindo ou os Kents o descobrindo.<\/p>\n<p>Gunn \u00e9, al\u00e9m de roteirista e diretor do novo\u00a0Superman, o novo chef\u00e3o da DC, e supervisionar\u00e1 e produzir\u00e1 todas as produ\u00e7\u00f5es do novo universo de her\u00f3is adaptados dos quadrinhos, incluindo a s\u00e9rie\u00a0Lanternas,\u00a0o filme\u00a0Supergirl\u00a0e o futuro\u00a0Batman: The Brave and the Bold. Vale lembrar ainda que a saga\u00a0Batman\u00a0de Matt Reeves e estrelado por Robert Pattinson n\u00e3o faz parte do universo compartilhado, mesmo que Gunn confirme que j\u00e1 houve conversas sobre a possibilidade.<\/p>\n<p>J\u00e1 dispon\u00edvel em cartaz,\u00a0Superman\u00a0\u00e9 o primeiro filme do novo DCU. A cronologia da franquia come\u00e7ou oficialmente, no entanto, com a s\u00e9rie animada\u00a0Comando das Criaturas, j\u00e1 dispon\u00edvel na HBO Max.<\/p>\n","protected":false},"excerpt":{"rendered":"Enquanto trabalha em\u00a0Supergirl\u00a0e no lan\u00e7amento dos novos epis\u00f3dios de\u00a0Pacificador,\u00a0James Gunn\u00a0falou sobre os pr\u00f3ximos passos do\u00a0DCU inaugurado por\u00a0Superman.\u00a0 &#8220;Eu&hellip;\n","protected":false},"author":2,"featured_media":37688,"comment_status":"","ping_status":"","sticky":false,"template":"","format":"standard","meta":{"footnotes":""},"categories":[140],"tags":[114,115,147,148,146,32,33],"class_list":{"0":"post-37687","1":"post","2":"type-post","3":"status-publish","4":"format-standard","5":"has-post-thumbnail","7":"category-filmes","8":"tag-entertainment","9":"tag-entretenimento","10":"tag-film","11":"tag-filmes","12":"tag-movies","13":"tag-portugal","14":"tag-pt"},"share_on_mastodon":{"url":"","error":""},"_links":{"self":[{"href":"https:\/\/www.europesays.com\/pt\/wp-json\/wp\/v2\/posts\/37687","targetHints":{"allow":["GET"]}}],"collection":[{"href":"https:\/\/www.europesays.com\/pt\/wp-json\/wp\/v2\/posts"}],"about":[{"href":"https:\/\/www.europesays.com\/pt\/wp-json\/wp\/v2\/types\/post"}],"author":[{"embeddable":true,"href":"https:\/\/www.europesays.com\/pt\/wp-json\/wp\/v2\/users\/2"}],"replies":[{"embeddable":true,"href":"https:\/\/www.europesays.com\/pt\/wp-json\/wp\/v2\/comments?post=37687"}],"version-history":[{"count":0,"href":"https:\/\/www.europesays.com\/pt\/wp-json\/wp\/v2\/posts\/37687\/revisions"}],"wp:featuredmedia":[{"embeddable":true,"href":"https:\/\/www.europesays.com\/pt\/wp-json\/wp\/v2\/media\/37688"}],"wp:attachment":[{"href":"https:\/\/www.europesays.com\/pt\/wp-json\/wp\/v2\/media?parent=37687"}],"wp:term":[{"taxonomy":"category","embeddable":true,"href":"https:\/\/www.europesays.com\/pt\/wp-json\/wp\/v2\/categories?post=37687"},{"taxonomy":"post_tag","embeddable":true,"href":"https:\/\/www.europesays.com\/pt\/wp-json\/wp\/v2\/tags?post=37687"}],"curies":[{"name":"wp","href":"https:\/\/api.w.org\/{rel}","templated":true}]}}