{"id":37721,"date":"2025-08-20T18:20:08","date_gmt":"2025-08-20T18:20:08","guid":{"rendered":"https:\/\/www.europesays.com\/pt\/37721\/"},"modified":"2025-08-20T18:20:08","modified_gmt":"2025-08-20T18:20:08","slug":"influenciador-gato-preto-e-detido-apos-bater-porsche-em-sp-20-08-2025-cotidiano","status":"publish","type":"post","link":"https:\/\/www.europesays.com\/pt\/37721\/","title":{"rendered":"Influenciador Gato Preto \u00e9 detido ap\u00f3s bater Porsche em SP &#8211; 20\/08\/2025 &#8211; Cotidiano"},"content":{"rendered":"<p>O influenciador Samuel Sant\u2019Anna, 31, mais conhecido como Gato Preto, foi preso pela <a href=\"https:\/\/www1.folha.uol.com.br\/folha-topicos\/policia-militar\/\" rel=\"nofollow noopener\" target=\"_blank\">Pol\u00edcia Militar<\/a> na manh\u00e3 desta quarta-feira horas depois de se envolver em um <a href=\"https:\/\/www1.folha.uol.com.br\/folha-topicos\/acidente-de-transito\/\" rel=\"nofollow noopener\" target=\"_blank\">acidente de tr\u00e2nsito<\/a> na capital paulista.<\/p>\n<p>De acordo com a Pol\u00edcia Militar, a pris\u00e3o ocorreu por volta das 10h no Trememb\u00e9, na zona norte, por causa da fuga do<a href=\"https:\/\/f5.folha.uol.com.br\/voceviu\/2025\/08\/gato-preto-destroi-porsche-em-acidente-com-bia-miranda-em-sao-paulo.shtml\" rel=\"nofollow noopener\" target=\"\"> local da batida<\/a>, que deixou uma pessoa que estava em outro ve\u00edculo ferida.<\/p>\n<p>Gato Preto dirigia um Porsche avaliado em R$ 1,5 milh\u00e3o e atingiu um poste na avenida Brigadeiro Faria Lima. A tamb\u00e9m influenciadora <a href=\"https:\/\/f5.folha.uol.com.br\/televisao\/a-fazenda-14\/2022\/10\/a-fazenda-14-acho-que-estou-horrivel-la-fora-desabafa-bia-miranda.shtml\" rel=\"nofollow noopener\" target=\"_blank\">Bia Miranda<\/a>, 21, neta da cantora Gretchen e <a href=\"https:\/\/www1.folha.uol.com.br\/cotidiano\/2025\/08\/policia-faz-operacao-em-tres-estados-contra-influenciadores-que-divulgam-jogo-do-tigrinho.shtml\" rel=\"nofollow noopener\" target=\"_blank\">alvo de opera\u00e7\u00e3o contra a divulga\u00e7\u00e3o de apostas online<\/a>, estava no carro no momento da colis\u00e3o.<\/p>\n<p>Imagens que circulam nas redes sociais mostram o ve\u00edculo de luxo completamente destru\u00eddo, al\u00e9m de um poste ca\u00eddo sobre o Porsche. Outro carro, um Hyundai HB20, tamb\u00e9m ficou atravessado na via.<\/p>\n<p>Horas antes do acidente, Gato Preto e Bia haviam publicado registros em uma festa, com m\u00fasica, bebidas alco\u00f3licas e cigarros. Pouco depois da batida, o influenciador chegou a compartilhar stories em que comentava o preju\u00edzo: &#8220;Bati minha Porsche, perdi R$ 1 milh\u00e3o e meio. T\u00e1 suave&#8221;. A publica\u00e7\u00e3o foi apagada posteriormente.<\/p>\n<p>Em novos v\u00eddeos no Instagram, Samuel exibiu ferimentos na m\u00e3o e surgiu em um carro de aplicativo, afirmando: &#8220;S\u00f3 quero minha casa&#8221;. Em outro momento, lamentou o preju\u00edzo: &#8220;Um milh\u00e3o e meio jogado fora&#8221;.<\/p>\n","protected":false},"excerpt":{"rendered":"O influenciador Samuel Sant\u2019Anna, 31, mais conhecido como Gato Preto, foi preso pela Pol\u00edcia Militar na manh\u00e3 desta&hellip;\n","protected":false},"author":2,"featured_media":37722,"comment_status":"","ping_status":"","sticky":false,"template":"","format":"standard","meta":{"footnotes":""},"categories":[145],"tags":[11670,11668,211,210,3838,114,115,1070,3834,236,3663,1526,9145,11671,32,33,11669],"class_list":{"0":"post-37721","1":"post","2":"type-post","3":"status-publish","4":"format-standard","5":"has-post-thumbnail","7":"category-celebridades","8":"tag-agoraequesaoelas","9":"tag-acidente-de-transito","10":"tag-celebridades","11":"tag-celebrities","12":"tag-empoderamento-feminino","13":"tag-entertainment","14":"tag-entretenimento","15":"tag-exercito","16":"tag-feminismo","17":"tag-folha","18":"tag-policia-civil","19":"tag-policia-federal","20":"tag-policia-militar","21":"tag-policia-rodoviaria","22":"tag-portugal","23":"tag-pt","24":"tag-transito"},"share_on_mastodon":{"url":"","error":""},"_links":{"self":[{"href":"https:\/\/www.europesays.com\/pt\/wp-json\/wp\/v2\/posts\/37721","targetHints":{"allow":["GET"]}}],"collection":[{"href":"https:\/\/www.europesays.com\/pt\/wp-json\/wp\/v2\/posts"}],"about":[{"href":"https:\/\/www.europesays.com\/pt\/wp-json\/wp\/v2\/types\/post"}],"author":[{"embeddable":true,"href":"https:\/\/www.europesays.com\/pt\/wp-json\/wp\/v2\/users\/2"}],"replies":[{"embeddable":true,"href":"https:\/\/www.europesays.com\/pt\/wp-json\/wp\/v2\/comments?post=37721"}],"version-history":[{"count":0,"href":"https:\/\/www.europesays.com\/pt\/wp-json\/wp\/v2\/posts\/37721\/revisions"}],"wp:featuredmedia":[{"embeddable":true,"href":"https:\/\/www.europesays.com\/pt\/wp-json\/wp\/v2\/media\/37722"}],"wp:attachment":[{"href":"https:\/\/www.europesays.com\/pt\/wp-json\/wp\/v2\/media?parent=37721"}],"wp:term":[{"taxonomy":"category","embeddable":true,"href":"https:\/\/www.europesays.com\/pt\/wp-json\/wp\/v2\/categories?post=37721"},{"taxonomy":"post_tag","embeddable":true,"href":"https:\/\/www.europesays.com\/pt\/wp-json\/wp\/v2\/tags?post=37721"}],"curies":[{"name":"wp","href":"https:\/\/api.w.org\/{rel}","templated":true}]}}