{"id":377433,"date":"2026-05-11T15:09:10","date_gmt":"2026-05-11T15:09:10","guid":{"rendered":"https:\/\/www.europesays.com\/pt\/377433\/"},"modified":"2026-05-11T15:09:10","modified_gmt":"2026-05-11T15:09:10","slug":"briga-com-arma-branca-gera-alarme-junto-ao-centro-de-saude-do-bom-jesus-com-video","status":"publish","type":"post","link":"https:\/\/www.europesays.com\/pt\/377433\/","title":{"rendered":"Briga com arma branca gera alarme junto ao centro de sa\u00fade do Bom Jesus (com v\u00eddeo)"},"content":{"rendered":"\n<p class=\"p_0\">Um v\u00eddeo enviado ao JM por um leitor mostra momentos de grande tens\u00e3o ocorridos no passado s\u00e1bado, na Rua das Hortas, junto ao centro de sa\u00fade do Bom Jesus.<\/p>\n<p class=\"p_1\">Nas imagens, \u00e9 poss\u00edvel ver v\u00e1rias pessoas envolvidas numa discuss\u00e3o que rapidamente evolui para cenas de amea\u00e7a e tentativa de agress\u00e3o com recurso a uma arma branca.<\/p>\n<p class=\"p_2\">Segundo apurou o JM, situa\u00e7\u00f5es semelhantes n\u00e3o ser\u00e3o in\u00e9ditas naquela zona.<\/p>\n<p class=\"p_3\">O principal interveniente, alegadamente conhecido no local, surge empunhando uma faca e a amea\u00e7ar um casal, cuja identidade e liga\u00e7\u00e3o n\u00e3o foram poss\u00edveis confirmar.<\/p>\n<p class=\"p_4\">O confronto dura apenas alguns segundos, mas a viol\u00eancia das imagens evidencia o risco de uma trag\u00e9dia. Durante a alterca\u00e7\u00e3o, uma mulher ter\u00e1 sido atingida pela arma branca, embora n\u00e3o sejam conhecidos detalhes sobre o seu estado de sa\u00fade.<\/p>\n<p class=\"p_5\">Ap\u00f3s o incidente, o suspeito abandona o local em dire\u00e7\u00e3o \u00e0 Rua Jo\u00e3o de Deus, perante o olhar de uma outra mulher que seguia na mesma dire\u00e7\u00e3o.<\/p>\n<p class=\"p_6\">Segundo apurou o Jornal, a PSP n\u00e3o teve conhecimento desta confus\u00e3o na via p\u00fablica, em plena luz do dia.<\/p>\n","protected":false},"excerpt":{"rendered":"Um v\u00eddeo enviado ao JM por um leitor mostra momentos de grande tens\u00e3o ocorridos no passado s\u00e1bado, na&hellip;\n","protected":false},"author":2,"featured_media":377434,"comment_status":"","ping_status":"","sticky":false,"template":"","format":"standard","meta":{"footnotes":"","_share_on_mastodon":"0"},"categories":[83],"tags":[566,88,89,90,32,33],"class_list":["post-377433","post","type-post","status-publish","format-standard","has-post-thumbnail","category-empresas","tag-briga","tag-business","tag-economy","tag-empresas","tag-portugal","tag-pt"],"share_on_mastodon":{"url":"https:\/\/pubeurope.com\/@pt\/116556579947685387","error":""},"_links":{"self":[{"href":"https:\/\/www.europesays.com\/pt\/wp-json\/wp\/v2\/posts\/377433","targetHints":{"allow":["GET"]}}],"collection":[{"href":"https:\/\/www.europesays.com\/pt\/wp-json\/wp\/v2\/posts"}],"about":[{"href":"https:\/\/www.europesays.com\/pt\/wp-json\/wp\/v2\/types\/post"}],"author":[{"embeddable":true,"href":"https:\/\/www.europesays.com\/pt\/wp-json\/wp\/v2\/users\/2"}],"replies":[{"embeddable":true,"href":"https:\/\/www.europesays.com\/pt\/wp-json\/wp\/v2\/comments?post=377433"}],"version-history":[{"count":0,"href":"https:\/\/www.europesays.com\/pt\/wp-json\/wp\/v2\/posts\/377433\/revisions"}],"wp:featuredmedia":[{"embeddable":true,"href":"https:\/\/www.europesays.com\/pt\/wp-json\/wp\/v2\/media\/377434"}],"wp:attachment":[{"href":"https:\/\/www.europesays.com\/pt\/wp-json\/wp\/v2\/media?parent=377433"}],"wp:term":[{"taxonomy":"category","embeddable":true,"href":"https:\/\/www.europesays.com\/pt\/wp-json\/wp\/v2\/categories?post=377433"},{"taxonomy":"post_tag","embeddable":true,"href":"https:\/\/www.europesays.com\/pt\/wp-json\/wp\/v2\/tags?post=377433"}],"curies":[{"name":"wp","href":"https:\/\/api.w.org\/{rel}","templated":true}]}}