{"id":377770,"date":"2026-05-11T19:47:16","date_gmt":"2026-05-11T19:47:16","guid":{"rendered":"https:\/\/www.europesays.com\/pt\/377770\/"},"modified":"2026-05-11T19:47:16","modified_gmt":"2026-05-11T19:47:16","slug":"minhas-aventuras-com-o-superman-superboy-ganha-ator-e-primeira-imagem-na-serie","status":"publish","type":"post","link":"https:\/\/www.europesays.com\/pt\/377770\/","title":{"rendered":"Minhas Aventuras com o Superman: Superboy ganha ator e primeira imagem na s\u00e9rie"},"content":{"rendered":"<p class=\"wp-block-yoast-seo-estimated-reading-time yoast-reading-time__wrapper\">Estimated reading time: 2 minutos<\/p>\n<p>Ap\u00f3s anunciar a estreia da 3\u00aa temporada de\u00a0<a href=\"https:\/\/ovicio.com.br\/tag\/minhas-aventuras-com-o-superman\" target=\"_blank\" rel=\"noreferrer noopener nofollow\">Minhas Aventuras com o Superman<\/a> para 13 de junho, a <strong>DC<\/strong> liberou tamb\u00e9m a primeira imagem do <strong>Superboy<\/strong> em um an\u00fancio de quem empresta voz ao personagem.<\/p>\n<p><strong>Darren Criss<\/strong>, que foi <strong>Blaine Anderson<\/strong> em <strong>Glee<\/strong> e o <strong>Superman <\/strong>no <strong>Tomorrowverse<\/strong>, interpreta <strong>Connor Kent <\/strong>na s\u00e9rie. Veja a primeira imagem:<\/p>\n<p><img fetchpriority=\"high\" decoding=\"async\" width=\"819\" height=\"1024\" src=\"https:\/\/www.europesays.com\/pt\/wp-content\/uploads\/2026\/05\/20260511-image-10-819x1024.png\" alt=\"\" class=\"lazyload wp-image-954597\"  data-\/>Reprodu\u00e7\u00e3o\/DC Studios via Collider<\/p>\n<p><strong>Minhas Aventuras com o Superman<\/strong> \u00e9 exibida pelo <strong>Adult Swim<\/strong> e pela <a href=\"https:\/\/ovicio.com.br\/tag\/hbo-max\" target=\"_blank\" rel=\"noreferrer noopener nofollow\">HBO Max<\/a>. A principal inspira\u00e7\u00e3o dos novos epis\u00f3dios ser\u00e1 o arco\u00a0<strong>O Reino do Superman<\/strong>.<\/p>\n<p>Leia mais sobre Minhas Aventuras com o Superman:<\/p>\n<p><strong>Fonte:<\/strong> <a href=\"https:\/\/x.com\/Collider\/status\/2053882864953880868?s=20\" type=\"link\" id=\"https:\/\/x.com\/Collider\/status\/2053882864953880868?s=20\" target=\"_blank\" rel=\"noreferrer noopener nofollow\">Collider<\/a><\/p>\n","protected":false},"excerpt":{"rendered":"Estimated reading time: 2 minutos Ap\u00f3s anunciar a estreia da 3\u00aa temporada de\u00a0Minhas Aventuras com o Superman para&hellip;\n","protected":false},"author":2,"featured_media":377771,"comment_status":"","ping_status":"","sticky":false,"template":"","format":"standard","meta":{"footnotes":"","_share_on_mastodon":"0"},"categories":[140],"tags":[41388,56427,2945,114,115,147,148,1583,56428,146,32,33,38858,1248],"class_list":["post-377770","post","type-post","status-publish","format-standard","has-post-thumbnail","category-filmes","tag-a-morte-do-superman","tag-adult-swim","tag-dc","tag-entertainment","tag-entretenimento","tag-film","tag-filmes","tag-hbo-max","tag-minhas-aventuras-com-o-superman","tag-movies","tag-portugal","tag-pt","tag-superboy","tag-superman"],"share_on_mastodon":{"url":"https:\/\/pubeurope.com\/@pt\/116557673481324159","error":""},"_links":{"self":[{"href":"https:\/\/www.europesays.com\/pt\/wp-json\/wp\/v2\/posts\/377770","targetHints":{"allow":["GET"]}}],"collection":[{"href":"https:\/\/www.europesays.com\/pt\/wp-json\/wp\/v2\/posts"}],"about":[{"href":"https:\/\/www.europesays.com\/pt\/wp-json\/wp\/v2\/types\/post"}],"author":[{"embeddable":true,"href":"https:\/\/www.europesays.com\/pt\/wp-json\/wp\/v2\/users\/2"}],"replies":[{"embeddable":true,"href":"https:\/\/www.europesays.com\/pt\/wp-json\/wp\/v2\/comments?post=377770"}],"version-history":[{"count":0,"href":"https:\/\/www.europesays.com\/pt\/wp-json\/wp\/v2\/posts\/377770\/revisions"}],"wp:featuredmedia":[{"embeddable":true,"href":"https:\/\/www.europesays.com\/pt\/wp-json\/wp\/v2\/media\/377771"}],"wp:attachment":[{"href":"https:\/\/www.europesays.com\/pt\/wp-json\/wp\/v2\/media?parent=377770"}],"wp:term":[{"taxonomy":"category","embeddable":true,"href":"https:\/\/www.europesays.com\/pt\/wp-json\/wp\/v2\/categories?post=377770"},{"taxonomy":"post_tag","embeddable":true,"href":"https:\/\/www.europesays.com\/pt\/wp-json\/wp\/v2\/tags?post=377770"}],"curies":[{"name":"wp","href":"https:\/\/api.w.org\/{rel}","templated":true}]}}