{"id":37788,"date":"2025-08-20T19:21:23","date_gmt":"2025-08-20T19:21:23","guid":{"rendered":"https:\/\/www.europesays.com\/pt\/37788\/"},"modified":"2025-08-20T19:21:23","modified_gmt":"2025-08-20T19:21:23","slug":"akturkoglu-benfica-arruma-negociacao-com-o-fenerbahce","status":"publish","type":"post","link":"https:\/\/www.europesays.com\/pt\/37788\/","title":{"rendered":"Akturkoglu: Benfica &#8216;arruma\u2019 negocia\u00e7\u00e3o com o Fenerbah\u00e7e"},"content":{"rendered":"<p>T\u00e3o perto e t\u00e3o longe. A visita do <a target=\"_blank\" class=\"editor-link autolink-enabled\" href=\"https:\/\/www.abola.pt\/futebol\/benfica-450\" data-resource-id=\"450\" data-resource-type=\"team\" data-sport=\"football\" rel=\"nofollow noopener\">Benfica<\/a> ao <a target=\"_blank\" class=\"editor-link autolink-enabled\" href=\"https:\/\/www.abola.pt\/futebol\/fenerbahce-516\" data-resource-id=\"516\" data-resource-type=\"team\" data-sport=\"football\" rel=\"nofollow noopener\">Fenerbah\u00e7e<\/a>, a contar para a primeira m\u00e3o do play-off de acesso \u00e0 <a target=\"_blank\" class=\"editor-link autolink-enabled\" href=\"https:\/\/www.abola.pt\/futebol\/competicao\/liga-dos-campeoes-qualificacoes-758\" data-resource-id=\"758\" data-resource-type=\"competition\" data-sport=\"football\" rel=\"nofollow noopener\">Liga dos Campe\u00f5es<\/a>, at\u00e9 poderia tornar-se ocasi\u00e3o para abrir uma nova janela negocial entre as duas Dire\u00e7\u00f5es, com vista a uma eventual transfer\u00eancia de <a target=\"_blank\" class=\"editor-link autolink-enabled\" href=\"https:\/\/www.abola.pt\/futebol\/jogador\/kerem-akturkoglu-218127\" data-resource-id=\"218127\" data-resource-type=\"player\" data-sport=\"football\" rel=\"nofollow noopener\">Kerem Akturkoglu<\/a>, mas o regresso do internacional turco ao seu pa\u00eds parece ter sido mesmo pontual, e n\u00e3o uma viagem sem retorno a Lisboa.<\/p>\n<p>Os contactos entre os dois presidentes \u2013 Rui Costa e Ali Ko\u00e7 &#8211; n\u00e3o resultaram em entendimento, nem sequer em aproxima\u00e7\u00e3o entre as duas partes. Pelo contr\u00e1rio: o Benfica considera encerradas as conversas com o Fenerbah\u00e7e sobre Akturkoglu, ao que <strong>A BOLA<\/strong> apurou.<\/p>\n<p>Na verdade, essa era j\u00e1 a expectativa \u00e0 partida para Istambul, uma vez que o Fenerbah\u00e7e n\u00e3o deu, nos \u00faltimos dias, sinais de estar disposto a ir ao encontro das pretens\u00f5es do Benfica, que esperava receber cerca de 25 milh\u00f5es de euros.<\/p>\n<p>O Benfica manteve-se\u00a0firme nessa posi\u00e7\u00e3o negocial. Sinal disso foi a entrada de Akturkoglu nos minutos finais da rece\u00e7\u00e3o ao <a class=\"autolink-enabled\" data-resource-id=\"308\" data-resource-type=\"team\" data-sport=\"football\" href=\"https:\/\/www.abola.pt\/futebol\/nice-308\" rel=\"nofollow noopener\" target=\"_blank\">Nice<\/a>, j\u00e1 com a eliminat\u00f3ria resolvida. Uma substitui\u00e7\u00e3o que arrumou logo a eventualidade de Kerem surgir no play-off europeu como advers\u00e1rio do Benfica, com a camisola do Fenerbah\u00e7e.<\/p>\n<p>Sem desenvolvimentos nas negocia\u00e7\u00f5es, desde ent\u00e3o, Akturkoglu foi integrado na convocat\u00f3ria como op\u00e7\u00e3o para Bruno Lage. A prova isso \u00e9 que o \u00fanico nome riscado para compor a ficha de jogo foi Diogo Ferreira, o terceiro guarda-redes. Akturkoglu acabou mesmo por subir ao relvado do Est\u00e1dio Sukru Saracoglu, de \u00e1guia ao peito, com estatuto de titular do Benfica.<\/p>\n<p>O mercado continua aberto, e na Turquia at\u00e9 fecha mais tarde do que em Portugal (a 11 de setembro), mas nesta altura tudo indica que est\u00e1 descartado o cen\u00e1rio de transfer\u00eancia de <a target=\"_blank\" class=\"editor-link autolink-enabled\" href=\"https:\/\/www.abola.pt\/futebol\/jogador\/kerem-akturkoglu-218127\" data-resource-id=\"218127\" data-resource-type=\"player\" data-sport=\"football\" rel=\"nofollow noopener\">Akturkoglu<\/a> para o Fenerbah\u00e7e, rival do <a target=\"_blank\" class=\"editor-link autolink-enabled\" href=\"https:\/\/www.abola.pt\/futebol\/galatasaray-515\" data-resource-id=\"515\" data-resource-type=\"team\" data-sport=\"football\" rel=\"nofollow noopener\">Galatasaray<\/a>, clube ao qual foi comprado pelo <a target=\"_blank\" class=\"editor-link autolink-enabled\" href=\"https:\/\/www.abola.pt\/futebol\/benfica-450\" data-resource-id=\"450\" data-resource-type=\"team\" data-sport=\"football\" rel=\"nofollow noopener\">Benfica<\/a>, a troco de 12 milh\u00f5es de euros.<\/p>\n","protected":false},"excerpt":{"rendered":"T\u00e3o perto e t\u00e3o longe. A visita do Benfica ao Fenerbah\u00e7e, a contar para a primeira m\u00e3o do&hellip;\n","protected":false},"author":2,"featured_media":37789,"comment_status":"","ping_status":"","sticky":false,"template":"","format":"standard","meta":{"footnotes":""},"categories":[8],"tags":[27,28,15,16,14,25,26,21,22,12,13,19,20,32,23,24,33,17,18,29,30,31],"class_list":{"0":"post-37788","1":"post","2":"type-post","3":"status-publish","4":"format-standard","5":"has-post-thumbnail","7":"category-principais-noticias","8":"tag-breaking-news","9":"tag-breakingnews","10":"tag-featured-news","11":"tag-featurednews","12":"tag-headlines","13":"tag-latest-news","14":"tag-latestnews","15":"tag-main-news","16":"tag-mainnews","17":"tag-news","18":"tag-noticias","19":"tag-noticias-principais","20":"tag-noticiasprincipais","21":"tag-portugal","22":"tag-principais-noticias","23":"tag-principaisnoticias","24":"tag-pt","25":"tag-top-stories","26":"tag-topstories","27":"tag-ultimas","28":"tag-ultimas-noticias","29":"tag-ultimasnoticias"},"share_on_mastodon":{"url":"","error":""},"_links":{"self":[{"href":"https:\/\/www.europesays.com\/pt\/wp-json\/wp\/v2\/posts\/37788","targetHints":{"allow":["GET"]}}],"collection":[{"href":"https:\/\/www.europesays.com\/pt\/wp-json\/wp\/v2\/posts"}],"about":[{"href":"https:\/\/www.europesays.com\/pt\/wp-json\/wp\/v2\/types\/post"}],"author":[{"embeddable":true,"href":"https:\/\/www.europesays.com\/pt\/wp-json\/wp\/v2\/users\/2"}],"replies":[{"embeddable":true,"href":"https:\/\/www.europesays.com\/pt\/wp-json\/wp\/v2\/comments?post=37788"}],"version-history":[{"count":0,"href":"https:\/\/www.europesays.com\/pt\/wp-json\/wp\/v2\/posts\/37788\/revisions"}],"wp:featuredmedia":[{"embeddable":true,"href":"https:\/\/www.europesays.com\/pt\/wp-json\/wp\/v2\/media\/37789"}],"wp:attachment":[{"href":"https:\/\/www.europesays.com\/pt\/wp-json\/wp\/v2\/media?parent=37788"}],"wp:term":[{"taxonomy":"category","embeddable":true,"href":"https:\/\/www.europesays.com\/pt\/wp-json\/wp\/v2\/categories?post=37788"},{"taxonomy":"post_tag","embeddable":true,"href":"https:\/\/www.europesays.com\/pt\/wp-json\/wp\/v2\/tags?post=37788"}],"curies":[{"name":"wp","href":"https:\/\/api.w.org\/{rel}","templated":true}]}}