{"id":37881,"date":"2025-08-20T21:28:07","date_gmt":"2025-08-20T21:28:07","guid":{"rendered":"https:\/\/www.europesays.com\/pt\/37881\/"},"modified":"2025-08-20T21:28:07","modified_gmt":"2025-08-20T21:28:07","slug":"washington-anuncia-novas-sancoes-americanas-contra-magistrados-do-tpi","status":"publish","type":"post","link":"https:\/\/www.europesays.com\/pt\/37881\/","title":{"rendered":"Washington anuncia novas san\u00e7\u00f5es americanas contra magistrados do TPI"},"content":{"rendered":"<p>&#13;<br \/>\nAp\u00f3s as san\u00e7\u00f5es anunciadas em fevereiro, contra o procurador Karim Khan, e no in\u00edcio de junho contra outras quatro magistradas do TPI, o secret\u00e1rio de Estado norte-americano, Marco Rubio, anunciou esta quarta-feira uma nova leva de sancionados.\u00a0&#13;\n<\/p>\n<p>&#13;<br \/>\n<b>&#8220;Hoje, indico Kimberly Prost, do Canad\u00e1, Nicolas Guillou, da Fran\u00e7a, &#13;<br \/>\nNazhat Shameem Khan, das Ilhas Fiji, e Mame Mandiaye Niang, do Senegal&#8221;<\/b>,&#13;<br \/>\npor terem <b>&#8220;participado diretamente nos esfor\u00e7os do TPI para investigar,&#13;<br \/>\nprender, deter ou processar cidad\u00e3os dos Estados Unidos ou de Israel, &#13;<br \/>\nsem o consentimento de nenhum desses pa\u00edses&#8221;<\/b>, declarou Marco Rubio, em comunicado.&#13;\n<\/p>\n<p>&#13;<br \/>\n<b>&#8220;Os Estados Unidos expressaram clara e firmemente a sua oposi\u00e7\u00e3o \u00e0 politiza\u00e7\u00e3o, ao abuso de poder, ao desrespeito pela nossa soberania nacional a ao excesso judicial ileg\u00edtimo do TPI&#8221;,<\/b>\u00a0argumentou Marco Rubio.<b>\u00a0&#8220;O tribunal representa uma amea\u00e7a \u00e0 seguran\u00e7a nacional e tem servido como um instrumento para a instrumentaliza\u00e7\u00e3o da justi\u00e7a contra os Estados Unidos e o nosso aliado pr\u00f3ximo Israel&#8221;<\/b>, acrescentou. <br \/>&#13;\n<\/p>\n<p>&#13;<br \/>\nA decis\u00e3o americana \u00e9 motivada pelos mandados de captura emitidos pelo Tribunal Penal Internacional, com sede em Haia, contra o primeiro-ministro israelita\u00a0Benjamin Netanyahu e o seu antigo ministro da Defesa, Yoav Gallant, &#13;<br \/>\nsuspeitos de crimes de guerra e crimes contra a humanidade na ofensiva na Faixa de Gaza.\u00a0&#13;\n<\/p>\n<p>&#13;<br \/>\nOs quatro magistrados ser\u00e3o proibidos de entrar em solo americano, assim como alvo de congelamento de quaisquer bens detidos nos EUA, ou de qualquer transa\u00e7\u00e3o financeira envolvendo jurisdi\u00e7\u00e3o americana.\u00a0&#13;\n<\/p>\n<p>&#13;<br \/>\nTelavive sa\u00fada novas san\u00e7\u00f5es americanas&#13;\n<\/p>\n<p>\nO primeiro-ministro israelita, Benjamin Netanyahu, saudou esta quarta-feira as san\u00e7\u00f5es norte-americanas anunciadas contra v\u00e1rios magistrados do Tribunal Penal Internacional (TPI).<\/p>\n<p>&#13;<br \/>\n<b>&#8220;Felicito Marco Rubio, o secret\u00e1rio de Estado dos Estados Unidos, que decidiu impor san\u00e7\u00f5es contra os ju\u00edzes do Tribunal Penal Internacional em Haia&#8221;<\/b>, declarou Netanyahu num comunicado divulgado pelo seu gabinete.\u00a0&#13;\n<\/p>\n<p>&#13;<br \/>\n<b>&#8220;Esta \u00e9 uma a\u00e7\u00e3o decisiva contra a campanha de difama\u00e7\u00e3o e mentiras contra o Estado de Israel em prol da verdade e da justi\u00e7a&#8221;<\/b>, acrescentou o primeiro-ministro israelita, ele pr\u00f3prio alvo, desde novembro de 2024, de um mandado de deten\u00e7\u00e3o do TPI por crimes de guerra e crimes contra a humanidade na Faixa de Gaza.\u00a0&#13;\n<\/p>\n<p>&#13;<br \/>\nTPI imune a qualquer press\u00e3o ou amea\u00e7a\u00a0&#13;\n<\/p>\n<p><\/p>\n<p>&#13;<br \/>\nEm rea\u00e7\u00e3o ao an\u00fancio de Washington, o Tribunal Penal Internacional explica em comunicado que lamenta a decis\u00e3o que visa mais quatro membros do seu pessoal, e garante que vai continuar a cumprir os seus mandatos, sem ter em conta &#8220;qualquer press\u00e3o ou amea\u00e7a&#8221;.\u00a0&#8220;O TPI continuar\u00e1 a cumprir os seus mandatos em estrita &#13;<br \/>\nconformidade com o seu quadro jur\u00eddico, sem levar em conta qualquer &#13;<br \/>\npress\u00e3o ou amea\u00e7a&#8221;, afirmou o TPI.&#13;\n<\/p>\n<p><b>&#8220;Estas san\u00e7\u00f5es constituem um ataque flagrante \u00e0 independ\u00eancia de uma institui\u00e7\u00e3o judicial imparcial que opera sob o mandato de 125 Estados Partes de todas as regi\u00f5es&#8221;<\/b>, considerou.\u00a0<\/p>\n<p>De acordo com o tribunal, as san\u00e7\u00f5es <b>&#8220;constituem tamb\u00e9m uma afronta contra os Estados Partes do Tribunal, a ordem internacional baseada em regras e, acima de tudo, milh\u00f5es de v\u00edtimas inocentes em todo o mundo&#8221;<\/b>, acrescentou.&#13;\n<\/p>\n<p>&#13;<br \/>\nSan\u00e7\u00f5es contr\u00e1rias ao princ\u00edpio de independ\u00eancia da justi\u00e7a&#13;\n<\/p>\n<p>&#13;<br \/>\nFran\u00e7a tamb\u00e9m j\u00e1 reagiu, e expressou a sua &#8220;consterna\u00e7\u00e3o&#8221; face \u00e0s novas san\u00e7\u00f5es americanas contra quatro magistrados do TPI, incluindo contra o ju\u00edz franc\u00eas Nicolas Guillou.\u00a0&#13;\n<\/p>\n<p>&#13;<br \/>\nParis &#8220;manifesta a sua solidariedade para com os magistrados visados pela decis\u00e3o&#8221; e diz que estas san\u00e7\u00f5es s\u00e3o &#8220;contr\u00e1rias ao princ\u00edpio de independ\u00eancia da justi\u00e7a&#8221;, declarou o porta-voz do minist\u00e9rio franc\u00eas dos Neg\u00f3cios Estrangeiros.&#13;<\/p>\n","protected":false},"excerpt":{"rendered":"&#13; Ap\u00f3s as san\u00e7\u00f5es anunciadas em fevereiro, contra o procurador Karim Khan, e no in\u00edcio de junho contra&hellip;\n","protected":false},"author":2,"featured_media":37882,"comment_status":"","ping_status":"","sticky":false,"template":"","format":"standard","meta":{"footnotes":""},"categories":[50],"tags":[27,28,413,15,16,532,14,259,603,25,26,21,22,62,12,13,19,20,910,23,24,17,18,11716,11717,29,30,31,6356,63,64,65],"class_list":{"0":"post-37881","1":"post","2":"type-post","3":"status-publish","4":"format-standard","5":"has-post-thumbnail","7":"category-mundo","8":"tag-breaking-news","9":"tag-breakingnews","10":"tag-eua","11":"tag-featured-news","12":"tag-featurednews","13":"tag-gaza","14":"tag-headlines","15":"tag-israel","16":"tag-justica","17":"tag-latest-news","18":"tag-latestnews","19":"tag-main-news","20":"tag-mainnews","21":"tag-mundo","22":"tag-news","23":"tag-noticias","24":"tag-noticias-principais","25":"tag-noticiasprincipais","26":"tag-onu","27":"tag-principais-noticias","28":"tag-principaisnoticias","29":"tag-top-stories","30":"tag-topstories","31":"tag-tpi","32":"tag-tribunal-penal-internacional","33":"tag-ultimas","34":"tag-ultimas-noticias","35":"tag-ultimasnoticias","36":"tag-washington","37":"tag-world","38":"tag-world-news","39":"tag-worldnews"},"share_on_mastodon":{"url":"","error":""},"_links":{"self":[{"href":"https:\/\/www.europesays.com\/pt\/wp-json\/wp\/v2\/posts\/37881","targetHints":{"allow":["GET"]}}],"collection":[{"href":"https:\/\/www.europesays.com\/pt\/wp-json\/wp\/v2\/posts"}],"about":[{"href":"https:\/\/www.europesays.com\/pt\/wp-json\/wp\/v2\/types\/post"}],"author":[{"embeddable":true,"href":"https:\/\/www.europesays.com\/pt\/wp-json\/wp\/v2\/users\/2"}],"replies":[{"embeddable":true,"href":"https:\/\/www.europesays.com\/pt\/wp-json\/wp\/v2\/comments?post=37881"}],"version-history":[{"count":0,"href":"https:\/\/www.europesays.com\/pt\/wp-json\/wp\/v2\/posts\/37881\/revisions"}],"wp:featuredmedia":[{"embeddable":true,"href":"https:\/\/www.europesays.com\/pt\/wp-json\/wp\/v2\/media\/37882"}],"wp:attachment":[{"href":"https:\/\/www.europesays.com\/pt\/wp-json\/wp\/v2\/media?parent=37881"}],"wp:term":[{"taxonomy":"category","embeddable":true,"href":"https:\/\/www.europesays.com\/pt\/wp-json\/wp\/v2\/categories?post=37881"},{"taxonomy":"post_tag","embeddable":true,"href":"https:\/\/www.europesays.com\/pt\/wp-json\/wp\/v2\/tags?post=37881"}],"curies":[{"name":"wp","href":"https:\/\/api.w.org\/{rel}","templated":true}]}}