{"id":378813,"date":"2026-05-12T16:05:20","date_gmt":"2026-05-12T16:05:20","guid":{"rendered":"https:\/\/www.europesays.com\/pt\/378813\/"},"modified":"2026-05-12T16:05:20","modified_gmt":"2026-05-12T16:05:20","slug":"faustao-surge-em-nova-foto-com-a-familia-filho-cita-anos-tao-dificeis","status":"publish","type":"post","link":"https:\/\/www.europesays.com\/pt\/378813\/","title":{"rendered":"Faust\u00e3o surge em nova foto com a fam\u00edlia; filho cita &#8220;anos t\u00e3o dif\u00edceis&#8221;"},"content":{"rendered":"<p><a href=\"https:\/\/natelinha.uol.com.br\/famosos\/tudo-sobre\/faustao\" rel=\"nofollow noopener\" target=\"_blank\">Faust\u00e3o<\/a>, de 76 anos, surgiu em uma nova foto ao lado da fam\u00edlia. O registro foi publicado pelo filho do meio, o tamb\u00e9m apresentador <a href=\"https:\/\/natelinha.uol.com.br\/famosos\/tudo-sobre\/joao-silva\" rel=\"nofollow noopener\" target=\"_blank\">Jo\u00e3o Silva<\/a>, em lembran\u00e7a ao Dia das M\u00e3es, no domingo (10). O jovem comunicador fez uma homenagem a <a href=\"https:\/\/natelinha.uol.com.br\/famosos\/tudo-sobre\/luciana-cardoso\" rel=\"nofollow noopener\" target=\"_blank\">Luciana Cardoso<\/a> \u2013 o ca\u00e7ula Rodrigo tamb\u00e9m aparece no registro.<\/p>\n<p>continua depois da publicidade<\/p>\n<p>Em uma sequ\u00eancia de fotos com a fam\u00edlia, Jo\u00e3o Silva fez uma declara\u00e7\u00e3o a Luciana e citou \u2018anos t\u00e3o dif\u00edceis\u201d.<\/p>\n<p>+\u00a0<a href=\"https:\/\/natelinha.uol.com.br\/televisao\/2026\/05\/12\/boninho-da-bronca-na-casa-do-patrao-deveriam-ir-pro-the-voice-video-241965.php\" target=\"_blank\" rel=\"noopener noreferrer nofollow\">Boninho d\u00e1 bronca na Casa do Patr\u00e3o: &#8220;Deveriam ir pro The Voice&#8221;; v\u00eddeo<\/a><\/p>\n<p>\u201cM\u00e3e, o que seria de mim sem voc\u00ea? O que pouca gente sabe \u00e9 que, por tr\u00e1s das minhas decis\u00f5es e da minha estrada em busca do meu sonho, \u00e9 voc\u00ea quem mais me ajuda tornar tudo isso poss\u00edvel. As ideias que in\u00fameras pessoas assistiram e guardam com carinho no cora\u00e7\u00e3o vieram da sua cabe\u00e7a\u201d, escreveu Jo\u00e3o.<\/p>\n<p>continua depois da publicidade<\/p>\n<p>Ele ainda registrou: \u201cEu te admiro tanto que vc nem imagina. Nesses \u00faltimos anos t\u00e3o dif\u00edceis nas nossas vidas vc foi sempre extremamente forte e nunca deixando a peteca cair!\u201d.<\/p>\n<p>+\u00a0<a href=\"https:\/\/natelinha.uol.com.br\/famosos\/2026\/05\/12\/luma-de-oliveira-posa-com-os-filhos-e-manda-indireta-apos-polemica-com-eike-batista-241962.php\" target=\"_blank\" rel=\"noopener noreferrer nofollow\">Luma de Oliveira posa com os filhos e manda indireta ap\u00f3s pol\u00eamica com Eike Batista<\/a><\/p>\n<p>Faust\u00e3o tem tr\u00eas filhos: Lara, de 28 anos, do relacionamento do apresentador com a artista pl\u00e1stica Magda Colares, com quem foi casado entre 1990 e 2000;\u00a0Jo\u00e3o, de 22 anos, e Rodrigo, de 18, do casamento com\u00a0Luciana Cardoso.<\/p>\n<p>continua depois da publicidade<\/p>\n<p>O apresentador segue focado na recupera\u00e7\u00e3o ap\u00f3s problemas de sa\u00fade\u00a0nos \u00faltimos anos. Ele j\u00e1 passou por dois transplantes de rins, al\u00e9m do mesmo procedimento com cora\u00e7\u00e3o e f\u00edgado.<\/p>\n<p><strong>Confira a publica\u00e7\u00e3o de Jo\u00e3o Silva no Instagram:<\/strong><\/p>\n<blockquote class=\"instagram-media\" data-instgrm-captioned=\"\" data-instgrm-version=\"7\" style=\"width:100%;\"><p>\n\t\t\t\t\t\t\t\t\t<a href=\"https:\/\/www.instagram.com\/p\/DYKiiM8Dsfa\/\" rel=\"nofollow noopener\" target=\"_blank\">\n\t\t\t\t\t\t\t\t<\/p><\/blockquote>\n<p>                    <script async src=\"\/\/www.instagram.com\/embed.js\"><\/script><\/p>\n","protected":false},"excerpt":{"rendered":"Faust\u00e3o, de 76 anos, surgiu em uma nova foto ao lado da fam\u00edlia. O registro foi publicado pelo&hellip;\n","protected":false},"author":2,"featured_media":378814,"comment_status":"","ping_status":"","sticky":false,"template":"","format":"standard","meta":{"footnotes":"","_share_on_mastodon":"0"},"categories":[145],"tags":[211,210,114,115,6456,5275,9689,32,33],"class_list":["post-378813","post","type-post","status-publish","format-standard","has-post-thumbnail","category-celebridades","tag-celebridades","tag-celebrities","tag-entertainment","tag-entretenimento","tag-faustao","tag-joao-silva","tag-luciana-cardoso","tag-portugal","tag-pt"],"share_on_mastodon":{"url":"https:\/\/pubeurope.com\/@pt\/116562462404424054","error":""},"_links":{"self":[{"href":"https:\/\/www.europesays.com\/pt\/wp-json\/wp\/v2\/posts\/378813","targetHints":{"allow":["GET"]}}],"collection":[{"href":"https:\/\/www.europesays.com\/pt\/wp-json\/wp\/v2\/posts"}],"about":[{"href":"https:\/\/www.europesays.com\/pt\/wp-json\/wp\/v2\/types\/post"}],"author":[{"embeddable":true,"href":"https:\/\/www.europesays.com\/pt\/wp-json\/wp\/v2\/users\/2"}],"replies":[{"embeddable":true,"href":"https:\/\/www.europesays.com\/pt\/wp-json\/wp\/v2\/comments?post=378813"}],"version-history":[{"count":0,"href":"https:\/\/www.europesays.com\/pt\/wp-json\/wp\/v2\/posts\/378813\/revisions"}],"wp:featuredmedia":[{"embeddable":true,"href":"https:\/\/www.europesays.com\/pt\/wp-json\/wp\/v2\/media\/378814"}],"wp:attachment":[{"href":"https:\/\/www.europesays.com\/pt\/wp-json\/wp\/v2\/media?parent=378813"}],"wp:term":[{"taxonomy":"category","embeddable":true,"href":"https:\/\/www.europesays.com\/pt\/wp-json\/wp\/v2\/categories?post=378813"},{"taxonomy":"post_tag","embeddable":true,"href":"https:\/\/www.europesays.com\/pt\/wp-json\/wp\/v2\/tags?post=378813"}],"curies":[{"name":"wp","href":"https:\/\/api.w.org\/{rel}","templated":true}]}}