{"id":37887,"date":"2025-08-20T21:32:07","date_gmt":"2025-08-20T21:32:07","guid":{"rendered":"https:\/\/www.europesays.com\/pt\/37887\/"},"modified":"2025-08-20T21:32:07","modified_gmt":"2025-08-20T21:32:07","slug":"precisamos-formar-arquitetos-que-sejam-capazes-de-olhar-para-o-futuro-diz-guto-requena","status":"publish","type":"post","link":"https:\/\/www.europesays.com\/pt\/37887\/","title":{"rendered":"\u2018Precisamos formar arquitetos que sejam capazes de olhar para o futuro\u2019, diz Guto Requena"},"content":{"rendered":"<p class=\"headlines\">\u2018Precisamos formar arquitetos que sejam capazes de olhar para o futuro\u2019, diz Guto Requena<\/p>\n<p>1:06<\/p>\n<p><img  loading=\"lazy\" class=\"thumb lazy-load-img\"\/><\/p>\n<p class=\"description\">O arquiteto e designer defende projetos que olhem para o coletivo.<\/p>\n<p data-component-name=\"paragraph\" class=\"styles__ParagraphStyled-sc-6adecn-0 cWrRiu  \">Qual mundo queremos habitar? A pergunta guia o <a href=\"https:\/\/www.estadao.com.br\/tudo-sobre\/arquitetura\/?srsltid=AfmBOooqKmCsDJoZYU4xRfLB6Z2KBMKjxkgiXI59oNeEdnKoDmr086Mr\" target=\"_blank\" rel=\"nofollow noopener\" title=\"https:\/\/www.estadao.com.br\/tudo-sobre\/arquitetura\/?srsltid=AfmBOooqKmCsDJoZYU4xRfLB6Z2KBMKjxkgiXI59oNeEdnKoDmr086Mr\">arquiteto<\/a> e designer <a href=\"https:\/\/www.estadao.com.br\/tudo-sobre\/design\/?srsltid=AfmBOorZESUOt2AKyx7epRUSWt7AUPKkscYV00UhzyxviScHpaWp1DzN\" target=\"_blank\" rel=\"nofollow noopener\" title=\"https:\/\/www.estadao.com.br\/tudo-sobre\/design\/?srsltid=AfmBOorZESUOt2AKyx7epRUSWt7AUPKkscYV00UhzyxviScHpaWp1DzN\">Guto Requena<\/a>, que enxerga no of\u00edcio muito al\u00e9m de forma e fun\u00e7\u00e3o. \u201cA pr\u00f3xima gera\u00e7\u00e3o vai enfrentar um mundo de emerg\u00eancia <a href=\"https:\/\/www.estadao.com.br\/tudo-sobre\/climatologia\/?srsltid=AfmBOoq0j27c4mNkGog9GrNaRDnS0RiF1iSRgM3XKmuWiYDdh4zpeHpr\" target=\"_blank\" rel=\"nofollow noopener\" title=\"https:\/\/www.estadao.com.br\/tudo-sobre\/climatologia\/?srsltid=AfmBOoq0j27c4mNkGog9GrNaRDnS0RiF1iSRgM3XKmuWiYDdh4zpeHpr\">clim\u00e1tica<\/a>, com novas tecnologias, mais imigra\u00e7\u00e3o e mais extremismos. Precisamos formar arquitetos que sejam capazes de olhar para o coletivo\u201d, disse \u00e0 Coluna.<\/p>\n<p><img  loading=\"lazy\" class=\"lazy-load-img\"\/><\/p>\n<p>Guto ser\u00e1 consultor criativo da gradua\u00e7\u00e3o do Senac SP, onde dar\u00e1 palestras, oficinas e conduzir\u00e1 visitas \u00e0s suas obras.\u00a0Foto:  Andre Klotz<\/p>\n<p data-component-name=\"paragraph\" class=\"styles__ParagraphStyled-sc-6adecn-0 cWrRiu  \">Com nove anos de pesquisa na <a href=\"https:\/\/www.estadao.com.br\/tudo-sobre\/usp-universidade-de-sao-paulo\/?srsltid=AfmBOopjhNWFGVoafVviNVPeq-JgE9CNeA40pYy3TW6cq0N_d4ajjKNQ\" target=\"_blank\" rel=\"nofollow noopener\" title=\"https:\/\/www.estadao.com.br\/tudo-sobre\/usp-universidade-de-sao-paulo\/?srsltid=AfmBOopjhNWFGVoafVviNVPeq-JgE9CNeA40pYy3TW6cq0N_d4ajjKNQ\">USP<\/a>, quatro como professor visitante na Sorbonne e 17 \u00e0 frente de seu est\u00fadio, Requena agora assume papel de mentor. Ser\u00e1 consultor criativo da gradua\u00e7\u00e3o do <a href=\"https:\/\/www.estadao.com.br\/tudo-sobre\/senac-servico-nacional-de-aprendizagem-comercial\/?srsltid=AfmBOooqbTtz5MQQdIkr3PmijOqrgiZ_21OILWEoihuEbZ4Swskf_U1I\" target=\"_blank\" rel=\"nofollow noopener\" title=\"https:\/\/www.estadao.com.br\/tudo-sobre\/senac-servico-nacional-de-aprendizagem-comercial\/?srsltid=AfmBOooqbTtz5MQQdIkr3PmijOqrgiZ_21OILWEoihuEbZ4Swskf_U1I\">Senac<\/a> SP, onde dar\u00e1 palestras, oficinas e conduzir\u00e1 visitas \u00e0s suas obras. \u201cQuero provocar esses futuros arquitetos e designers a olharem a partir de outras perspectivas, como tecnologias interativas, arquitetura h\u00edbrida e <a href=\"https:\/\/www.estadao.com.br\/tudo-sobre\/inteligencia-artificial\/?srsltid=AfmBOoprb-b5uGdT6MfMjFR_uiVZi2Bjij5fHZGq6qTbZB35HZIiD3Lu\" target=\"_blank\" rel=\"nofollow noopener\" title=\"https:\/\/www.estadao.com.br\/tudo-sobre\/inteligencia-artificial\/?srsltid=AfmBOoprb-b5uGdT6MfMjFR_uiVZi2Bjij5fHZGq6qTbZB35HZIiD3Lu\">intelig\u00eancia artificial<\/a>.\u201d<\/p>\n<p>Guto Requena enxerga no of\u00edcio muito al\u00e9m de forma e fun\u00e7\u00e3o<\/p>\n<p><img  loading=\"eager\" class=\"lazy-load-img\"\/><img  loading=\"eager\" class=\"lazy-load-img\"\/>Guto Requena<\/p>\n<p class=\"description\" style=\"transform:translateX(-0%)\">Poltrona Del\u00edrios. Foto: Divulga\u00e7\u00e3o\/Estudio Guto Requena<\/p>\n<p>Guto Requena<\/p>\n<p class=\"description\" style=\"transform:translateX(-0%)\">&#8216;Eu estou&#8217;. Foto: Divulga\u00e7\u00e3o\/Estudio Guto Requena<\/p>\n<p>Guto Requena<\/p>\n<p class=\"description\" style=\"transform:translateX(-0%)\">Flagship impressa em 3D. Foto: Divulga\u00e7\u00e3o\/Estudio Guto Requena<\/p>\n<p>Guto Requena<\/p>\n<p class=\"description\" style=\"transform:translateX(-0%)\">&#8216;Estrela Sens\u00edvel&#8217;. Foto: Divulga\u00e7\u00e3o\/Estudio Guto Requena<\/p>\n<p>Guto Requena<\/p>\n<p class=\"description\" style=\"transform:translateX(-0%)\">Pavilh\u00e3o Dan\u00e7ante. Foto: Divulga\u00e7\u00e3o\/Estudio Guto Requena<\/p>\n<p>Guto Requena<\/p>\n<p class=\"description\" style=\"transform:translateX(-0%)\">&#8216;The Year&#8217;. Foto: Divulga\u00e7\u00e3o\/Estudio Guto Requena<\/p>\n<p>Guto Requena<\/p>\n<p class=\"description\" style=\"transform:translateX(-0%)\">&#8216;Hermes&#8217;. Foto: Divulga\u00e7\u00e3o\/Estudio Guto Requena<\/p>\n<p>Guto Requena<\/p>\n<p class=\"description\" style=\"transform:translateX(-0%)\">Edif\u00edcio terra. Foto: Divulga\u00e7\u00e3o\/Estudio Guto Requena<\/p>\n<p>Guto Requena<\/p>\n<p class=\"description\" style=\"transform:translateX(-0%)\">Terminal 7 Paris. Foto: Divulga\u00e7\u00e3o\/Estudio Guto Requena<\/p>\n<p>Guto Requena<\/p>\n<p class=\"description\" style=\"transform:translateX(-0%)\">&#8216;Love Project&#8217;. Foto: Divulga\u00e7\u00e3o\/Estudio Guto Requena<\/p>\n<p>Guto Requena<\/p>\n<p class=\"description\" style=\"transform:translateX(-0%)\">Lumin\u00e1ria Life. Foto: Divulga\u00e7\u00e3o\/Estudio Guto Requena<\/p>\n<p>Guto Requena<\/p>\n<p class=\"description\" style=\"transform:translateX(-0%)\">&#8216;Meu cora\u00e7\u00e3o bate como o seu&#8217;. Foto: Divulga\u00e7\u00e3o\/Estudio Guto Requena<\/p>\n<p>Guto Requena<\/p>\n<p class=\"description\" style=\"transform:translateX(-0%)\">Criatura de Luz. Foto: Divulga\u00e7\u00e3o\/Estudio Guto Requena<\/p>\n<p>Guto Requena<\/p>\n<p class=\"description\" style=\"transform:translateX(-0%)\">Biombo colheita dourada. Foto: Divulga\u00e7\u00e3o\/Estudio Guto Requena<\/p>\n<p>Guto Requena<\/p>\n<p class=\"description\" style=\"transform:translateX(-0%)\">Casa H\u00edbrida. Foto: Divulga\u00e7\u00e3o\/Estudio Guto Requena<\/p>\n<p>Leia outras not\u00edcias na Coluna Alice Ferraz<\/p>\n","protected":false},"excerpt":{"rendered":"\u2018Precisamos formar arquitetos que sejam capazes de olhar para o futuro\u2019, diz Guto Requena 1:06 O arquiteto e&hellip;\n","protected":false},"author":2,"featured_media":37888,"comment_status":"","ping_status":"","sticky":false,"template":"","format":"standard","meta":{"footnotes":""},"categories":[144],"tags":[207,205,206,203,201,202,204,114,115,32,33,1711],"class_list":{"0":"post-37887","1":"post","2":"type-post","3":"status-publish","4":"format-standard","5":"has-post-thumbnail","7":"category-arte-e-design","8":"tag-arte","9":"tag-arte-e-design","10":"tag-artedesign","11":"tag-arts","12":"tag-arts-and-design","13":"tag-artsanddesign","14":"tag-design","15":"tag-entertainment","16":"tag-entretenimento","17":"tag-portugal","18":"tag-pt","19":"tag-sample"},"share_on_mastodon":{"url":"","error":""},"_links":{"self":[{"href":"https:\/\/www.europesays.com\/pt\/wp-json\/wp\/v2\/posts\/37887","targetHints":{"allow":["GET"]}}],"collection":[{"href":"https:\/\/www.europesays.com\/pt\/wp-json\/wp\/v2\/posts"}],"about":[{"href":"https:\/\/www.europesays.com\/pt\/wp-json\/wp\/v2\/types\/post"}],"author":[{"embeddable":true,"href":"https:\/\/www.europesays.com\/pt\/wp-json\/wp\/v2\/users\/2"}],"replies":[{"embeddable":true,"href":"https:\/\/www.europesays.com\/pt\/wp-json\/wp\/v2\/comments?post=37887"}],"version-history":[{"count":0,"href":"https:\/\/www.europesays.com\/pt\/wp-json\/wp\/v2\/posts\/37887\/revisions"}],"wp:featuredmedia":[{"embeddable":true,"href":"https:\/\/www.europesays.com\/pt\/wp-json\/wp\/v2\/media\/37888"}],"wp:attachment":[{"href":"https:\/\/www.europesays.com\/pt\/wp-json\/wp\/v2\/media?parent=37887"}],"wp:term":[{"taxonomy":"category","embeddable":true,"href":"https:\/\/www.europesays.com\/pt\/wp-json\/wp\/v2\/categories?post=37887"},{"taxonomy":"post_tag","embeddable":true,"href":"https:\/\/www.europesays.com\/pt\/wp-json\/wp\/v2\/tags?post=37887"}],"curies":[{"name":"wp","href":"https:\/\/api.w.org\/{rel}","templated":true}]}}