{"id":37903,"date":"2025-08-20T21:43:14","date_gmt":"2025-08-20T21:43:14","guid":{"rendered":"https:\/\/www.europesays.com\/pt\/37903\/"},"modified":"2025-08-20T21:43:14","modified_gmt":"2025-08-20T21:43:14","slug":"drone-russo-cai-na-polonia-e-varsovia-fala-em-provocacao-de-moscovo-guerra-na-ucrania","status":"publish","type":"post","link":"https:\/\/www.europesays.com\/pt\/37903\/","title":{"rendered":"Drone russo cai na Pol\u00f3nia e Vars\u00f3via fala em \u201cprovoca\u00e7\u00e3o\u201d de Moscovo | Guerra na Ucr\u00e2nia"},"content":{"rendered":"<p>Um <a href=\"https:\/\/www.publico.pt\/2024\/09\/02\/mundo\/noticia\/nato-teme-arrastada-guerra-apos-polonia-dizer-abater-misseis-russos-ucrania-2102661\" rel=\"nofollow noopener\" target=\"_blank\">drone russo<\/a> despenhou-se num campo no leste da <a href=\"https:\/\/www.publico.pt\/2024\/04\/22\/mundo\/noticia\/polonia-pronta-acolher-armas-nucleares-nato-2087876\" rel=\"nofollow noopener\" target=\"_blank\">Pol\u00f3nia<\/a>, disseram as autoridades polacas nesta quarta-feira, num incidente que o <a href=\"https:\/\/www.publico.pt\/2025\/03\/09\/mundo\/noticia\/dois-anos-polonia-entrou-top-15-paises-gastam-defesa-2125255\" rel=\"nofollow noopener\" target=\"_blank\">ministro da Defesa polaco<\/a> descreveu como &#8220;uma provoca\u00e7\u00e3o&#8221;.<\/p>\n<p>O drone atingiu e queimou um campo de milho na aldeia de Osiny, na prov\u00edncia oriental de Lublin, durante a noite, a pouco mais de 100 km da fronteira com a Ucr\u00e2nia e a cerca de 90 km da Bielorr\u00fassia.<\/p>\n<p>A Pol\u00f3nia tem estado em alerta m\u00e1ximo para objectos que entrem no seu espa\u00e7o a\u00e9reo desde que, em 2022, um m\u00edssil ucraniano atingiu uma aldeia do Sul da Pol\u00f3nia, matando duas pessoas.<\/p>\n<p>O porta-voz do Minist\u00e9rio dos Neg\u00f3cios Estrangeiros, Pawel Wronski, disse \u00e0 Reuters que os resultados obtidos at\u00e9 agora por quem est\u00e1 a analisar o incidente sugerem que se trata de uma vers\u00e3o russa do drone Shahed, desenvolvido pelo Ir\u00e3o.<\/p>\n<p>O general Dariusz Malinowski revelou que o drone parecia ser um engodo concebido para se autodestruir e que tinha um motor chin\u00eas.<\/p>\n<p>O vice-primeiro-ministro Wladyslaw Kosiniak-Kamysz, que tamb\u00e9m \u00e9 ministro da Defesa, disse que o incidente tinha semelhan\u00e7as com outros casos em que drones russos voaram para a Litu\u00e2nia e Rom\u00e9nia, e admitiu que poderia estar ligado aos esfor\u00e7os para acabar com a guerra na Ucr\u00e2nia.<\/p>\n<p>&#8220;Mais uma vez, estamos a lidar com uma provoca\u00e7\u00e3o da Federa\u00e7\u00e3o Russa, com um drone russo. Estamos a lidar com isso num momento crucial, quando est\u00e3o em curso <a href=\"https:\/\/www.publico.pt\/2025\/08\/19\/mundo\/perguntaserespostas\/guerra-ucrania-ficamos-saber-washington-2144325\" rel=\"nofollow noopener\" target=\"_blank\">discuss\u00f5es sobre a paz<\/a> [na Ucr\u00e2nia]&#8221;, disse o governante aos jornalistas.<\/p>\n<p>O Presidente dos Estados Unidos, Donald Trump, reuniu-se na segunda-feira com o Presidente ucraniano, Volodymyr Zelenskiy, e com um grupo de aliados europeus na Casa Branca, ap\u00f3s o seu encontro na sexta-feira, no Alasca, com o Presidente russo, Vladimir Putin.<\/p>\n<p>O ministro dos Neg\u00f3cios Estrangeiros polaco, Radoslaw Sikorski, disse, na rede X, que o seu minist\u00e9rio iria emitir um protesto contra a viola\u00e7\u00e3o do espa\u00e7o a\u00e9reo, mas n\u00e3o indicou o culpado: &#8220;Outra viola\u00e7\u00e3o do nosso espa\u00e7o a\u00e9reo a partir do Leste confirma que a miss\u00e3o mais importante da Pol\u00f3nia perante a NATO \u00e9 a defesa do nosso pr\u00f3prio territ\u00f3rio.&#8221;<\/p>\n<p>A embaixada russa em Vars\u00f3via n\u00e3o respondeu imediatamente a um pedido de coment\u00e1rio enviado por correio electr\u00f3nico.<\/p>\n<p>A explos\u00e3o fez estilha\u00e7ar as janelas de v\u00e1rias casas, mas ningu\u00e9m ficou ferido, informou a ag\u00eancia noticiosa nacional PAP.<\/p>\n<p>A pol\u00edcia disse que encontrou restos de metal e pl\u00e1stico queimados no local, e que o milho tinha sido queimado numa \u00e1rea de oito a dez metros de di\u00e2metro \u00e0 volta do local onde o objecto caiu.<\/p>\n<p>&#8220;Estava sentado no meu quarto \u00e0 noite, por volta da meia-noite, talvez, e ouvi um estrondo&#8221;, disse o residente local Pawel Sudowski ao site de not\u00edcias local Lukow.tv. &#8220;Explodiu t\u00e3o alto que toda a casa tremeu.&#8221;<\/p>\n<p>As sirenes de ataque a\u00e9reo soaram durante cerca de uma hora sobre a fronteira nas regi\u00f5es ucranianas de Volyn e Lviv, por volta da meia-noite local, de acordo com mensagens de militares ucranianos publicadas no Telegram. Segundo os governadores dessas regi\u00f5es, n\u00e3o h\u00e1 not\u00edcia de ataques a\u00e9reos.<\/p>\n","protected":false},"excerpt":{"rendered":"Um drone russo despenhou-se num campo no leste da Pol\u00f3nia, disseram as autoridades polacas nesta quarta-feira, num incidente&hellip;\n","protected":false},"author":2,"featured_media":37904,"comment_status":"","ping_status":"","sticky":false,"template":"","format":"standard","meta":{"footnotes":""},"categories":[50],"tags":[27,28,15,16,889,14,25,26,21,22,62,3400,12,13,19,20,5300,23,24,839,17,18,29,30,31,63,64,65],"class_list":{"0":"post-37903","1":"post","2":"type-post","3":"status-publish","4":"format-standard","5":"has-post-thumbnail","7":"category-mundo","8":"tag-breaking-news","9":"tag-breakingnews","10":"tag-featured-news","11":"tag-featurednews","12":"tag-guerra-na-ucrania","13":"tag-headlines","14":"tag-latest-news","15":"tag-latestnews","16":"tag-main-news","17":"tag-mainnews","18":"tag-mundo","19":"tag-nato","20":"tag-news","21":"tag-noticias","22":"tag-noticias-principais","23":"tag-noticiasprincipais","24":"tag-polonia","25":"tag-principais-noticias","26":"tag-principaisnoticias","27":"tag-russia","28":"tag-top-stories","29":"tag-topstories","30":"tag-ultimas","31":"tag-ultimas-noticias","32":"tag-ultimasnoticias","33":"tag-world","34":"tag-world-news","35":"tag-worldnews"},"share_on_mastodon":{"url":"","error":""},"_links":{"self":[{"href":"https:\/\/www.europesays.com\/pt\/wp-json\/wp\/v2\/posts\/37903","targetHints":{"allow":["GET"]}}],"collection":[{"href":"https:\/\/www.europesays.com\/pt\/wp-json\/wp\/v2\/posts"}],"about":[{"href":"https:\/\/www.europesays.com\/pt\/wp-json\/wp\/v2\/types\/post"}],"author":[{"embeddable":true,"href":"https:\/\/www.europesays.com\/pt\/wp-json\/wp\/v2\/users\/2"}],"replies":[{"embeddable":true,"href":"https:\/\/www.europesays.com\/pt\/wp-json\/wp\/v2\/comments?post=37903"}],"version-history":[{"count":0,"href":"https:\/\/www.europesays.com\/pt\/wp-json\/wp\/v2\/posts\/37903\/revisions"}],"wp:featuredmedia":[{"embeddable":true,"href":"https:\/\/www.europesays.com\/pt\/wp-json\/wp\/v2\/media\/37904"}],"wp:attachment":[{"href":"https:\/\/www.europesays.com\/pt\/wp-json\/wp\/v2\/media?parent=37903"}],"wp:term":[{"taxonomy":"category","embeddable":true,"href":"https:\/\/www.europesays.com\/pt\/wp-json\/wp\/v2\/categories?post=37903"},{"taxonomy":"post_tag","embeddable":true,"href":"https:\/\/www.europesays.com\/pt\/wp-json\/wp\/v2\/tags?post=37903"}],"curies":[{"name":"wp","href":"https:\/\/api.w.org\/{rel}","templated":true}]}}