{"id":37961,"date":"2025-08-20T22:33:08","date_gmt":"2025-08-20T22:33:08","guid":{"rendered":"https:\/\/www.europesays.com\/pt\/37961\/"},"modified":"2025-08-20T22:33:08","modified_gmt":"2025-08-20T22:33:08","slug":"como-o-motley-crue-influenciou-a-criacao-de-um-dos-riffs-mais-pesados-do-metallica","status":"publish","type":"post","link":"https:\/\/www.europesays.com\/pt\/37961\/","title":{"rendered":"Como o M\u00f6tley Cr\u00fce influenciou a cria\u00e7\u00e3o de um dos riffs mais pesados do Metallica"},"content":{"rendered":"<p>Lan\u00e7ado em agosto de 1991, o quinto e autointitulado disco de est\u00fadio do <a href=\"https:\/\/whiplash.net\/bandas\/m\/metallica.html\" class=\"hotwords\" rel=\"nofollow noopener\" target=\"_blank\">Metallica<\/a> representa o ponto de virada na carreira da banda. Nesse trabalho, tamb\u00e9m conhecido como <a href=\"https:\/\/whiplash.net\/materias\/cds\/333728-metallica.html\" class=\"hotwords\" rel=\"nofollow noopener\" target=\"_blank\">&#8220;Black Album&#8221;<\/a> (em virtude de sua capa toda preta), o thrash metal agressivo e violento dos anos 1980 cedeu lugar a andamentos mais lentos e melodias cativantes.<\/p>\n<p><a href=\"https:\/\/whiplash.net\/bandas\/m\/metallica.html\" class=\"linkBotao\" rel=\"nofollow noopener\" target=\"_blank\">Metallica &#8211; Mais Novidades<\/a><br \/><a target=\"_blank\" href=\"https:\/\/www.europesays.com\/pt\/wp-content\/uploads\/2025\/08\/motley_crue_from_the_beginning.jpg\"><img loading=\"lazy\" decoding=\"async\" src=\"https:\/\/www.europesays.com\/pt\/wp-content\/uploads\/2025\/08\/motley_crue_from_the_beginning.jpg\" class=\"widthConstrained\" width=\"700\" height=\"557\" alt=\"Foto: From The Beginning - Colet\u00e2nea\"\/><\/a>Foto: From The Beginning &#8211; Colet\u00e2nea<\/p>\n<p>CONTINUA DEPOIS DA PUBLICIDADE &#8211; CLI<\/p>\n<p>&#13;<br \/>\n&#13;<br \/>\n&#13;<br \/>\n&#13;<br \/>\n&#13;<br \/>\n&#13;<br \/>\n&#13;<br \/>\n&#13;<br \/>\n<a href=\"https:\/\/whiplash.net\/materias\/whiplash\/027002.html\" rel=\"nofollow noopener\" target=\"_blank\"><img decoding=\"async\" src=\"https:\/\/www.europesays.com\/pt\/wp-content\/uploads\/2025\/08\/1755482107_347_anunciar_diabo_336x280.gif\" loading=\"lazy\" width=\"336\" height=\"280\" class=\"widthConstrained\" style=\"background-color:#000000;display:block;\" alt=\"Anunciar bandas e shows de Rock e Heavy Metal\"\/><\/a>&#13;<\/p>\n<p>A abordagem adotada pelo <a href=\"https:\/\/whiplash.net\/bandas\/m\/metallica.html\" class=\"hotwords\" rel=\"nofollow noopener\" target=\"_blank\">Metallica<\/a> em <a href=\"https:\/\/whiplash.net\/materias\/cds\/333728-metallica.html\" class=\"hotwords\" rel=\"nofollow noopener\" target=\"_blank\">&#8220;Black Album&#8221;<\/a> rendeu m\u00fasicas que se tornaram cl\u00e1ssicos absolutos e furaram a bolha do heavy metal. \u00c9 o caso da inesquec\u00edvel &#8220;Sad But True&#8221;.<\/p>\n<p>Pesada, arrastada e com uma melodia envolvente, &#8220;Sad But True&#8221; figura entre os grandes momentos da carreira do Metallica. A faixa deixou at\u00e9 mesmo Bob Rock, respons\u00e1vel pela produ\u00e7\u00e3o de &#8220;Black Album&#8221;, impressionado. Durante entrevista concedida ao <a href=\"https:\/\/www.musicradar.com\/news\/bob-rock-metallica-black-album-interview\" rel=\"nofollow noopener\" target=\"_blank\">Music Radar<\/a>, o produtor chegou a comparar essa m\u00fasica a um dos grandes hits do Led Zeppelin.<\/p>\n<p>&#8220;Eles me mostraram a demo, e eu disse a eles que achava que era a \u2018Kashmir\u2019 dos anos 90. O riff era incr\u00edvel. At\u00e9 onde sei, eles nunca tiveram algo t\u00e3o pesado, t\u00e3o impactante e poderoso. Ritmicamente, eu podia perceber que tinha o potencial de ser absolutamente esmagador!&#8221;<\/p>\n<p>CONTINUA DEPOIS DA PUBLICIDADE &#8211; GOO<\/p>\n<p>&#13;<br \/>\n&#13;<br \/>\n&#13;<br \/>\n&#13;<br \/>\n<a href=\"https:\/\/whiplash.net\/materias\/whiplash\/027002.html\" rel=\"nofollow noopener\" target=\"_blank\"><img decoding=\"async\" src=\"https:\/\/www.europesays.com\/pt\/wp-content\/uploads\/2025\/08\/1755482107_347_anunciar_diabo_336x280.gif\" loading=\"lazy\" width=\"336\" height=\"280\" alt=\"Anunciar no Whiplash.Net\"\/><\/a>&#13;<br \/>\n&#13;<br \/>\n&#13;<br \/>\n&#13;<br \/>\n&#13;<br \/>\n&#13;<br \/>\n<a href=\"https:\/\/whiplash.net\/materias\/whiplash\/027002.html\" rel=\"nofollow noopener\" target=\"_blank\"><img decoding=\"async\" src=\"https:\/\/www.europesays.com\/pt\/wp-content\/uploads\/2025\/08\/1755482107_347_anunciar_diabo_336x280.gif\" loading=\"lazy\" width=\"336\" height=\"280\" class=\"widthConstrained\" style=\"background-color:#000000;display:block;\" alt=\"Anunciar bandas e shows de Rock e Heavy Metal\"\/><\/a>&#13;<\/p>\n<p>O produtor revelou que o riff de &#8220;Sad But True&#8221; ganhou for\u00e7a gra\u00e7as a uma sugest\u00e3o inspirada em sua experi\u00eancia com o M\u00f6tley Cr\u00fce. Durante a pr\u00e9-produ\u00e7\u00e3o de <a href=\"https:\/\/whiplash.net\/materias\/cds\/333728-metallica.html\" class=\"hotwords\" rel=\"nofollow noopener\" target=\"_blank\">&#8220;Black Album&#8221;<\/a>, ele percebeu que todas as m\u00fasicas estavam na tonalidade de Mi, e decidiu compartilhar uma observa\u00e7\u00e3o.<\/p>\n<p>&#8220;Est\u00e1vamos na pr\u00e9-produ\u00e7\u00e3o, o que era desconfort\u00e1vel, porque ningu\u00e9m jamais havia feito eles analisar as m\u00fasicas de maneira t\u00e3o deliberada antes, e seis m\u00fasicas depois, \u2018Sad But True\u2019 surgiu. De repente, percebi que todas as m\u00fasicas, inclusive essa, estavam na tonalidade de Mi.<\/p>\n<p>Chamei a aten\u00e7\u00e3o da banda para isso, e eles perguntaram: \u2018Bem, Mi n\u00e3o \u00e9 a nota mais grave?\u2019. Ent\u00e3o, eu contei a eles que no \u00e1lbum \u2018Dr. Feelgood\u2019, do M\u00f6tley Cr\u00fce, que eu produzi e que o <a href=\"https:\/\/whiplash.net\/bandas\/m\/metallica.html\" class=\"hotwords\" rel=\"nofollow noopener\" target=\"_blank\">Metallica<\/a> adorou, a banda havia afinado [os instrumentos] em R\u00e9. O <a href=\"https:\/\/whiplash.net\/bandas\/m\/metallica.html\" class=\"hotwords\" rel=\"nofollow noopener\" target=\"_blank\">Metallica<\/a> ent\u00e3o afinou em R\u00e9, e foi a\u00ed que o riff realmente se tornou enorme.&#8221;<\/p>\n<p>CONTINUA DEPOIS DA PUBLICIDADE &#8211; CLI<\/p>\n<p>&#13;<br \/>\n&#13;<br \/>\n&#13;<br \/>\n&#13;<br \/>\n&#13;<br \/>\n&#13;<br \/>\n&#13;<br \/>\n&#13;<br \/>\n<a href=\"https:\/\/whiplash.net\/materias\/whiplash\/027002.html\" rel=\"nofollow noopener\" target=\"_blank\"><img decoding=\"async\" src=\"https:\/\/www.europesays.com\/pt\/wp-content\/uploads\/2025\/08\/1755482107_347_anunciar_diabo_336x280.gif\" loading=\"lazy\" width=\"336\" height=\"280\" class=\"widthConstrained\" style=\"background-color:#000000;display:block;\" alt=\"Anunciar bandas e shows de Rock e Heavy Metal\"\/><\/a>&#13;<\/p>\n<p>&#8220;Sad But True&#8221; se tornou presen\u00e7a quase obrigat\u00f3ria nos shows do Metallica. De acordo com o <a href=\"https:\/\/www.metallica.com\/songs\/sad-but-true.html\" rel=\"nofollow noopener\" target=\"_blank\">site oficial da banda<\/a>, a m\u00fasica foi executada em mais de 1.400 apresenta\u00e7\u00f5es ao vivo. Clique abaixo para conferir uma dessas performances.<\/p>\n<p>\u25ba&#8221; src=&#8221;https:\/\/www.youtube.com\/embed\/vTutxgTBWbo&#8221; width=&#8221;560&#8243; height=&#8221;315&#8243; allow=&#8221;accelerometer; autoplay; clipboard-write; encrypted-media; gyroscope; picture-in-picture&#8221; allowfullscreen loading=&#8221;lazy&#8221; style=&#8221;border:0;&#8221;&gt;<\/p>\n<p>CONTINUA DEPOIS DA PUBLICIDADE &#8211; GOO<\/p>\n<p>&#13;<br \/>\n&#13;<br \/>\n&#13;<br \/>\n&#13;<br \/>\n<a href=\"https:\/\/whiplash.net\/materias\/whiplash\/027002.html\" rel=\"nofollow noopener\" target=\"_blank\"><img decoding=\"async\" src=\"https:\/\/www.europesays.com\/pt\/wp-content\/uploads\/2025\/08\/1755482107_347_anunciar_diabo_336x280.gif\" loading=\"lazy\" width=\"336\" height=\"280\" alt=\"Anunciar no Whiplash.Net\"\/><\/a>&#13;<br \/>\n&#13;<br \/>\n&#13;<br \/>\n&#13;<br \/>\n&#13;<br \/>\n&#13;<br \/>\n<a href=\"https:\/\/whiplash.net\/materias\/whiplash\/027002.html\" rel=\"nofollow noopener\" target=\"_blank\"><img decoding=\"async\" src=\"https:\/\/www.europesays.com\/pt\/wp-content\/uploads\/2025\/08\/1755482107_347_anunciar_diabo_336x280.gif\" loading=\"lazy\" width=\"336\" height=\"280\" class=\"widthConstrained\" style=\"background-color:#000000;display:block;\" alt=\"Anunciar bandas e shows de Rock e Heavy Metal\"\/><\/a>&#13;<\/p>\n","protected":false},"excerpt":{"rendered":"Lan\u00e7ado em agosto de 1991, o quinto e autointitulado disco de est\u00fadio do Metallica representa o ponto de&hellip;\n","protected":false},"author":2,"featured_media":37962,"comment_status":"","ping_status":"","sticky":false,"template":"","format":"standard","meta":{"footnotes":""},"categories":[141],"tags":[114,115,149,150,32,33],"class_list":{"0":"post-37961","1":"post","2":"type-post","3":"status-publish","4":"format-standard","5":"has-post-thumbnail","7":"category-musica","8":"tag-entertainment","9":"tag-entretenimento","10":"tag-music","11":"tag-musica","12":"tag-portugal","13":"tag-pt"},"share_on_mastodon":{"url":"","error":""},"_links":{"self":[{"href":"https:\/\/www.europesays.com\/pt\/wp-json\/wp\/v2\/posts\/37961","targetHints":{"allow":["GET"]}}],"collection":[{"href":"https:\/\/www.europesays.com\/pt\/wp-json\/wp\/v2\/posts"}],"about":[{"href":"https:\/\/www.europesays.com\/pt\/wp-json\/wp\/v2\/types\/post"}],"author":[{"embeddable":true,"href":"https:\/\/www.europesays.com\/pt\/wp-json\/wp\/v2\/users\/2"}],"replies":[{"embeddable":true,"href":"https:\/\/www.europesays.com\/pt\/wp-json\/wp\/v2\/comments?post=37961"}],"version-history":[{"count":0,"href":"https:\/\/www.europesays.com\/pt\/wp-json\/wp\/v2\/posts\/37961\/revisions"}],"wp:featuredmedia":[{"embeddable":true,"href":"https:\/\/www.europesays.com\/pt\/wp-json\/wp\/v2\/media\/37962"}],"wp:attachment":[{"href":"https:\/\/www.europesays.com\/pt\/wp-json\/wp\/v2\/media?parent=37961"}],"wp:term":[{"taxonomy":"category","embeddable":true,"href":"https:\/\/www.europesays.com\/pt\/wp-json\/wp\/v2\/categories?post=37961"},{"taxonomy":"post_tag","embeddable":true,"href":"https:\/\/www.europesays.com\/pt\/wp-json\/wp\/v2\/tags?post=37961"}],"curies":[{"name":"wp","href":"https:\/\/api.w.org\/{rel}","templated":true}]}}