{"id":379701,"date":"2026-05-13T11:02:12","date_gmt":"2026-05-13T11:02:12","guid":{"rendered":"https:\/\/www.europesays.com\/pt\/379701\/"},"modified":"2026-05-13T11:02:12","modified_gmt":"2026-05-13T11:02:12","slug":"membros-acusam-governo-de-tentar-extinguir-orgao-eleitoral-e-minar-credibilidade","status":"publish","type":"post","link":"https:\/\/www.europesays.com\/pt\/379701\/","title":{"rendered":"membros acusam Governo de tentar extinguir \u00f3rg\u00e3o eleitoral e minar credibilidade"},"content":{"rendered":"<p>Teresa Leal Coelho \u00e9 um dos membros da CNE que acusa o presidente, Jo\u00e3o Carlos Trindade, de falta de transpar\u00eancia.Foto: Reinaldo Rodrigues<\/p>\n<p><a class=\"arrow-component arr--section-name\" aria-label=\"section-name\" href=\"https:\/\/www.dn.pt\/pol%C3%ADtica\" rel=\"nofollow noopener\" target=\"_blank\">Pol\u00edtica<\/a><\/p>\n<p>Os cinco elementos da CNE designados por Chega, PS, IL, Livre e PCP sublinham v\u00e1rios epis\u00f3dios provocados pelos outros cinco membros que \u201cminam a credibilidade\u201d do \u00f3rg\u00e3o para o extinguir.<\/p>\n<p>Publicado a:\u00a0<\/p>\n<p>13 Mai 2026, 07:15<\/p>\n<p>Atualizado a:\u00a0<\/p>\n<p>13 Mai 2026, 07:15<\/p>\n<p>Loading content, please wait&#8230;<\/p>\n","protected":false},"excerpt":{"rendered":"Teresa Leal Coelho \u00e9 um dos membros da CNE que acusa o presidente, Jo\u00e3o Carlos Trindade, de falta&hellip;\n","protected":false},"author":2,"featured_media":379702,"comment_status":"","ping_status":"","sticky":false,"template":"","format":"standard","meta":{"footnotes":"","_share_on_mastodon":"0"},"categories":[8],"tags":[2030,27,28,15996,11423,306,15,16,14,25,26,21,22,12,13,19,20,32,23,24,33,63686,17,18,29,30,31],"class_list":["post-379701","post","type-post","status-publish","format-standard","has-post-thumbnail","category-principais-noticias","tag-assembleia-da-republica","tag-breaking-news","tag-breakingnews","tag-cne","tag-comissao-nacional-de-eleicoes","tag-edicao-impressa","tag-featured-news","tag-featurednews","tag-headlines","tag-latest-news","tag-latestnews","tag-main-news","tag-mainnews","tag-news","tag-noticias","tag-noticias-principais","tag-noticiasprincipais","tag-portugal","tag-principais-noticias","tag-principaisnoticias","tag-pt","tag-teresa-leal-coelho","tag-top-stories","tag-topstories","tag-ultimas","tag-ultimas-noticias","tag-ultimasnoticias"],"share_on_mastodon":{"url":"https:\/\/pubeurope.com\/@pt\/116566933687935384","error":""},"_links":{"self":[{"href":"https:\/\/www.europesays.com\/pt\/wp-json\/wp\/v2\/posts\/379701","targetHints":{"allow":["GET"]}}],"collection":[{"href":"https:\/\/www.europesays.com\/pt\/wp-json\/wp\/v2\/posts"}],"about":[{"href":"https:\/\/www.europesays.com\/pt\/wp-json\/wp\/v2\/types\/post"}],"author":[{"embeddable":true,"href":"https:\/\/www.europesays.com\/pt\/wp-json\/wp\/v2\/users\/2"}],"replies":[{"embeddable":true,"href":"https:\/\/www.europesays.com\/pt\/wp-json\/wp\/v2\/comments?post=379701"}],"version-history":[{"count":0,"href":"https:\/\/www.europesays.com\/pt\/wp-json\/wp\/v2\/posts\/379701\/revisions"}],"wp:featuredmedia":[{"embeddable":true,"href":"https:\/\/www.europesays.com\/pt\/wp-json\/wp\/v2\/media\/379702"}],"wp:attachment":[{"href":"https:\/\/www.europesays.com\/pt\/wp-json\/wp\/v2\/media?parent=379701"}],"wp:term":[{"taxonomy":"category","embeddable":true,"href":"https:\/\/www.europesays.com\/pt\/wp-json\/wp\/v2\/categories?post=379701"},{"taxonomy":"post_tag","embeddable":true,"href":"https:\/\/www.europesays.com\/pt\/wp-json\/wp\/v2\/tags?post=379701"}],"curies":[{"name":"wp","href":"https:\/\/api.w.org\/{rel}","templated":true}]}}