{"id":37971,"date":"2025-08-20T22:43:20","date_gmt":"2025-08-20T22:43:20","guid":{"rendered":"https:\/\/www.europesays.com\/pt\/37971\/"},"modified":"2025-08-20T22:43:20","modified_gmt":"2025-08-20T22:43:20","slug":"conflito-entre-ucrania-e-russia-intensifica-se-com-novos-bombardeamentos-zelensky-exige-sancoes-reforcadas-a-moscovo","status":"publish","type":"post","link":"https:\/\/www.europesays.com\/pt\/37971\/","title":{"rendered":"Conflito entre Ucr\u00e2nia e R\u00fassia intensifica-se com novos bombardeamentos, Zelensky exige san\u00e7\u00f5es refor\u00e7adas a Moscovo"},"content":{"rendered":"<p>A Ucr\u00e2nia e a R\u00fassia acusaram-se hoje novamente de bombardeamentos, com o Presidente ucraniano, Volodymyr Zelensky, a insistir na exig\u00eancia de maior press\u00e3o sobre Moscovo e na quest\u00e3o das garantias de seguran\u00e7a.<\/p>\n<p>As autoridades ucranianas disseram que 14 pessoas ficaram feridas em Sumy num ataque russo com drones em que ficaram destru\u00eddos uma d\u00fazia de edif\u00edcios residenciais.<\/p>\n<p>Tr\u00eas menores estavam entre os feridos, incluindo um beb\u00e9 de apenas alguns meses, indicou a procuradoria da regi\u00e3o, citada pela ag\u00eancia de not\u00edcias <a href=\"https:\/\/www.europapress.es\/\" target=\"_blank\" rel=\"noopener noreferrer nofollow\">Europa Press<\/a>.<\/p>\n<p>Tamb\u00e9m foram emitidos alertas a\u00e9reos em v\u00e1rias localidades de Chernigiv, Kharkiv e Poltava, bem como na cidade de Kostiantynivka, na regi\u00e3o de Donetsk.<\/p>\n<p>No total, ca\u00edram mais de 60 drones e um m\u00edssil bal\u00edstico durante a noite, disse Zelensky nas redes sociais.<\/p>\n<p>&#8220;Todos estes ataques demonstram e confirmam a necessidade de pressionar Moscovo e de impor novas san\u00e7\u00f5es e tarifas at\u00e9 que a diplomacia funcione plenamente&#8221;, insistiu.<\/p>\n<p>Zelensky esteve na segunda-feira em Washington, onde foi abordada a possibilidade de se reunir com o hom\u00f3logo russo, Vladimir Putin, para discutir formas de resolver o conflito armado iniciado pela R\u00fassia em fevereiro de 2022.<\/p>\n<p>O l\u00edder ucraniano destacou que a Ucr\u00e2nia precisa de &#8220;fortes garantias de seguran\u00e7a&#8221; se for assinado um eventual acordo de paz com a R\u00fassia, um dos aspetos abordados em Washington.<\/p>\n<p>&#8220;Precisamos de fortes garantias de seguran\u00e7a para assegurar uma paz verdadeiramente segura e duradoura&#8221;, afirmou.<\/p>\n<p>Do lado russo, o Minist\u00e9rio da Defesa anunciou que as defesas antia\u00e9reas abateram esta madrugada 42 drones ucranianos sobre nove regi\u00f5es do pa\u00eds.<\/p>\n<p>&#8220;Durante a noite de 20 de agosto, os sistemas de defesa antia\u00e9rea intercetaram e destru\u00edram 42 drones ucranianos de asa fixa&#8221;, disse o minist\u00e9rio num comunicado citado pela ag\u00eancia de not\u00edcias <a href=\"https:\/\/efe.com\/pt-br\/\" target=\"_blank\" rel=\"noopener noreferrer nofollow\">EFE<\/a>.<\/p>\n<p>Devido ao ataque a\u00e9reo, os aeroportos de cinco cidades, entre as quais Volgogrado, a antiga Estalinegrado, suspenderam temporariamente as opera\u00e7\u00f5es.<\/p>\n<p>Os aparelhos n\u00e3o tripulados lan\u00e7ados pela Ucr\u00e2nia durante o ver\u00e3o afetaram os aeroportos de Moscovo, deixando em terra dezenas de milhares de viajantes e causando enormes preju\u00edzos \u00e0s companhias a\u00e9reas.<\/p>\n<p>Na frente leste, o ex\u00e9rcito russo reivindicou a tomada de tr\u00eas novas localidades.<\/p>\n<p>O Minist\u00e9rio da Defesa disse que foi assumido o controlo das localidades de Soukhetsk\u00e9 e Pankivka, na regi\u00e3o de Donetsk (leste), e de Novogueorgiivka, na regi\u00e3o de Dnipropetrovsk (centro-leste).<\/p>\n<p>As duas primeiras est\u00e3o localizadas perto do setor onde o ex\u00e9rcito russo conseguiu romper as defesas ucranianas na semana passada, entre as fortalezas de Pokrovsk e Kostiantynivka, indicou a ag\u00eancia de not\u00edcias <a href=\"https:\/\/www.afp.com\/\" target=\"_blank\" rel=\"noopener noreferrer nofollow\">France-Presse (AFP)<\/a>.<\/p>\n<p>A brecha foi finalmente contida e reduzida ap\u00f3s o envio de refor\u00e7os para o local pela Ucr\u00e2nia, de acordo com as unidades ucranianas envolvidas.<\/p>\n<p>J\u00e1 Novogueorgiivka localiza-se numa regi\u00e3o onde as tropas russas entraram pela primeira vez em julho, ampliando a frente.<\/p>\n<p>O ex\u00e9rcito russo acelerou os ganhos territoriais nos \u00faltimos meses, enfrentando for\u00e7as ucranianas menos numerosas e menos bem equipadas.<\/p>\n<p>O ex\u00e9rcito russo ocupa atualmente cerca de 20% do territ\u00f3rio ucraniano.<\/p>\n","protected":false},"excerpt":{"rendered":"A Ucr\u00e2nia e a R\u00fassia acusaram-se hoje novamente de bombardeamentos, com o Presidente ucraniano, Volodymyr Zelensky, a insistir&hellip;\n","protected":false},"author":2,"featured_media":37972,"comment_status":"","ping_status":"","sticky":false,"template":"","format":"standard","meta":{"footnotes":""},"categories":[8],"tags":[27,28,15,16,14,25,26,21,22,12,13,19,20,32,23,24,33,17,18,29,30,31],"class_list":{"0":"post-37971","1":"post","2":"type-post","3":"status-publish","4":"format-standard","5":"has-post-thumbnail","7":"category-principais-noticias","8":"tag-breaking-news","9":"tag-breakingnews","10":"tag-featured-news","11":"tag-featurednews","12":"tag-headlines","13":"tag-latest-news","14":"tag-latestnews","15":"tag-main-news","16":"tag-mainnews","17":"tag-news","18":"tag-noticias","19":"tag-noticias-principais","20":"tag-noticiasprincipais","21":"tag-portugal","22":"tag-principais-noticias","23":"tag-principaisnoticias","24":"tag-pt","25":"tag-top-stories","26":"tag-topstories","27":"tag-ultimas","28":"tag-ultimas-noticias","29":"tag-ultimasnoticias"},"share_on_mastodon":{"url":"","error":""},"_links":{"self":[{"href":"https:\/\/www.europesays.com\/pt\/wp-json\/wp\/v2\/posts\/37971","targetHints":{"allow":["GET"]}}],"collection":[{"href":"https:\/\/www.europesays.com\/pt\/wp-json\/wp\/v2\/posts"}],"about":[{"href":"https:\/\/www.europesays.com\/pt\/wp-json\/wp\/v2\/types\/post"}],"author":[{"embeddable":true,"href":"https:\/\/www.europesays.com\/pt\/wp-json\/wp\/v2\/users\/2"}],"replies":[{"embeddable":true,"href":"https:\/\/www.europesays.com\/pt\/wp-json\/wp\/v2\/comments?post=37971"}],"version-history":[{"count":0,"href":"https:\/\/www.europesays.com\/pt\/wp-json\/wp\/v2\/posts\/37971\/revisions"}],"wp:featuredmedia":[{"embeddable":true,"href":"https:\/\/www.europesays.com\/pt\/wp-json\/wp\/v2\/media\/37972"}],"wp:attachment":[{"href":"https:\/\/www.europesays.com\/pt\/wp-json\/wp\/v2\/media?parent=37971"}],"wp:term":[{"taxonomy":"category","embeddable":true,"href":"https:\/\/www.europesays.com\/pt\/wp-json\/wp\/v2\/categories?post=37971"},{"taxonomy":"post_tag","embeddable":true,"href":"https:\/\/www.europesays.com\/pt\/wp-json\/wp\/v2\/tags?post=37971"}],"curies":[{"name":"wp","href":"https:\/\/api.w.org\/{rel}","templated":true}]}}