{"id":379974,"date":"2026-05-13T15:31:18","date_gmt":"2026-05-13T15:31:18","guid":{"rendered":"https:\/\/www.europesays.com\/pt\/379974\/"},"modified":"2026-05-13T15:31:18","modified_gmt":"2026-05-13T15:31:18","slug":"selton-mello-comecou-a-fumar-por-personagem-e-largou-vicio-ha-4-anos-cansaco-que-nao-passava","status":"publish","type":"post","link":"https:\/\/www.europesays.com\/pt\/379974\/","title":{"rendered":"Selton Mello come\u00e7ou a fumar por personagem e largou v\u00edcio h\u00e1 4 anos: &#8220;Cansa\u00e7o que n\u00e3o passava&#8221;"},"content":{"rendered":"<p><a href=\"https:\/\/natelinha.uol.com.br\/famosos\/tudo-sobre\/selton-mello\" rel=\"nofollow noopener\" target=\"_blank\">Selton Mello<\/a> revelou nesta quarta-feira (13) que come\u00e7ou a fumar em fun\u00e7\u00e3o do seu personagem no filme Lamarca, em 1994. Na fic\u00e7\u00e3o, ele era fumante, e estava reticente quanto ao jeito de segurar o cigarro. &#8220;Olha que jeito bobo&#8221;, entregou no Encontro com\u00a0<a href=\"https:\/\/natelinha.uol.com.br\/famosos\/tudo-sobre\/patricia-poeta\" rel=\"nofollow noopener\" target=\"_blank\">Patr\u00edcia Poeta<\/a>.<\/p>\n<p>continua depois da publicidade<\/p>\n<p>Como laborat\u00f3rio inicialmente, o cigarro rapidamente virou v\u00edcio. &#8220;Daqui a pouco eu estava nos bastidores fumando. Por causa do personagem. Por que eu fumo? Por causa do personagem. \u00c9 um h\u00e1bito tamb\u00e9m&#8221;, lamentou. Agora, ele comemora quatro anos longe do v\u00edcio.<\/p>\n<blockquote>\n<p class=\"cit\">&#8220;Fumei durante 25 anos da minha vida. Quase acendia um no outro. Em algum momento comecei a sentir um cansa\u00e7o que n\u00e3o passava. Passava um m\u00eas na Bahia e chegava exausto. Falaram: \u00e9 o cigarro comendo meu f\u00f4lego. Ele vai sugando sua energia. Fiquei de olho nele. Em 2022, dei um corte seco no cigarro.&#8221;<\/p>\n<p>Selton Mello durante o Encontro desta quarta-feira (13)<\/p><\/blockquote>\n<p>+\u00a0<a href=\"https:\/\/natelinha.uol.com.br\/famosos\/2026\/05\/13\/giulia-gam-aceita-fazer-novela-vertical-na-globo-outra-linguagem-242013.php\" rel=\"nofollow noopener\" target=\"_blank\">Giulia Gam aceita fazer novela vertical na Globo: &#8220;Outra linguagem&#8221;<\/a><\/p>\n<p>+\u00a0<a href=\"https:\/\/natelinha.uol.com.br\/novelas\/2026\/05\/13\/alessandra-poggi-e-natalia-grimberg-devem-reeditar-parceria-em-nova-novela-da-globo-242012.php\" rel=\"nofollow noopener\" target=\"_blank\">Alessandra Poggi e Natalia Grimberg devem reeditar parceria em nova novela da Globo<\/a><\/p>\n<p>Selton Mello largou o cigarro<\/p>\n<p>Ainda durante o Encontro, Selton Mello frisou que muitas pessoas come\u00e7am a fumar sem um motivo espec\u00edfico, s\u00f3 para acompanhar a manada. &#8220;Tem muita gente que fuma de modinha. Eles viram que mulher n\u00e3o fumava tanto, colocaram na boca [os cigarros] nas atrizes de cinema. Eu dei um corte seco.&#8221;<\/p>\n<p>continua depois da publicidade<\/p>\n<p>Depois de decidir por fim ao consumo, relembrou que outras coisas ca\u00edram por tabela. &#8220;Fiquei um temp\u00e3o sem beber uma gota de \u00e1lcool. Demorei seis meses a beber vinho. E caf\u00e9 foi um ano e meio quase. Medo de tomar caf\u00e9 e ter reca\u00edda. N\u00e3o consigo dizer que sou ex-fumante. \u00c9 t\u00e3o sorrateiro esse neg\u00f3cio. Posso voltar a fumar amanh\u00e3. Exige uma aten\u00e7\u00e3o melhor. Eu fa\u00e7o muita coisa, e essa energia veio redobrada&#8221;, celebrou.<\/p>\n<p>Confira:<\/p>\n<blockquote class=\"twitter-tweet\" data-lang=\"pt\" data-width=\"550\" width=\"550\"><p>\n\t\t\t\t\t\t\t\t\t<a href=\"https:\/\/twitter.com\/tvglobo\/status\/2054553708198044133\" rel=\"nofollow noopener\" target=\"_blank\">tvglobo<\/a>\n\t\t\t\t\t\t\t   <\/p><\/blockquote>\n<p>                    <script async src=\"https:\/\/platform.twitter.com\/widgets.js\" charset=\"utf-8\"><\/script><\/p>\n","protected":false},"excerpt":{"rendered":"Selton Mello revelou nesta quarta-feira (13) que come\u00e7ou a fumar em fun\u00e7\u00e3o do seu personagem no filme Lamarca,&hellip;\n","protected":false},"author":2,"featured_media":379975,"comment_status":"","ping_status":"","sticky":false,"template":"","format":"standard","meta":{"footnotes":"","_share_on_mastodon":"0"},"categories":[145],"tags":[211,210,7455,114,115,32,33,4349],"class_list":["post-379974","post","type-post","status-publish","format-standard","has-post-thumbnail","category-celebridades","tag-celebridades","tag-celebrities","tag-encontro","tag-entertainment","tag-entretenimento","tag-portugal","tag-pt","tag-selton-mello"],"share_on_mastodon":{"url":"https:\/\/pubeurope.com\/@pt\/116567991170869451","error":""},"_links":{"self":[{"href":"https:\/\/www.europesays.com\/pt\/wp-json\/wp\/v2\/posts\/379974","targetHints":{"allow":["GET"]}}],"collection":[{"href":"https:\/\/www.europesays.com\/pt\/wp-json\/wp\/v2\/posts"}],"about":[{"href":"https:\/\/www.europesays.com\/pt\/wp-json\/wp\/v2\/types\/post"}],"author":[{"embeddable":true,"href":"https:\/\/www.europesays.com\/pt\/wp-json\/wp\/v2\/users\/2"}],"replies":[{"embeddable":true,"href":"https:\/\/www.europesays.com\/pt\/wp-json\/wp\/v2\/comments?post=379974"}],"version-history":[{"count":0,"href":"https:\/\/www.europesays.com\/pt\/wp-json\/wp\/v2\/posts\/379974\/revisions"}],"wp:featuredmedia":[{"embeddable":true,"href":"https:\/\/www.europesays.com\/pt\/wp-json\/wp\/v2\/media\/379975"}],"wp:attachment":[{"href":"https:\/\/www.europesays.com\/pt\/wp-json\/wp\/v2\/media?parent=379974"}],"wp:term":[{"taxonomy":"category","embeddable":true,"href":"https:\/\/www.europesays.com\/pt\/wp-json\/wp\/v2\/categories?post=379974"},{"taxonomy":"post_tag","embeddable":true,"href":"https:\/\/www.europesays.com\/pt\/wp-json\/wp\/v2\/tags?post=379974"}],"curies":[{"name":"wp","href":"https:\/\/api.w.org\/{rel}","templated":true}]}}