{"id":38029,"date":"2025-08-20T23:32:08","date_gmt":"2025-08-20T23:32:08","guid":{"rendered":"https:\/\/www.europesays.com\/pt\/38029\/"},"modified":"2025-08-20T23:32:08","modified_gmt":"2025-08-20T23:32:08","slug":"iva-nos-livros-vai-passar-a-ser-ficcao-na-dinamarca","status":"publish","type":"post","link":"https:\/\/www.europesays.com\/pt\/38029\/","title":{"rendered":"IVA nos livros vai passar a ser fic\u00e7\u00e3o na Dinamarca"},"content":{"rendered":"<p>O Governo da <strong>Dinamarca <\/strong>quer acabar com o IVA nos livros. A medida vai ser inclu\u00edda na proposta de Or\u00e7amento do Estado.\n<\/p>\n<p>Atualmente, os livros naquele pa\u00eds escandinavo pagam 25% de IVA, a taxa mais elevada no mundo.\n<\/p>\n<p><a href=\"https:\/\/www.whatsapp.com\/channel\/0029Va9ZehDFi8xUl5Fhb93q\" rel=\"nofollow noopener\" target=\"_blank\"><strong>J\u00e1 segue a Informa\u00e7\u00e3o da Renascen\u00e7a no WhatsApp? \u00c9 s\u00f3 clicar aqui<\/strong><\/a><\/p>\n<p>Para combater a crescente &#8220;crise de leitura&#8221; entre a popula\u00e7\u00e3o, na era das redes sociais, o ministro dinamarqu\u00eas da Cultura, Jakob Engel-Schmidt, anunciou esta quarta-feira a proposta para acabar com o IVA nas obras liter\u00e1rias.\n<\/p>\n<p>A medida tem um custo estimado de 44 milh\u00f5es de euros por ano.\n<\/p>\n<p>\u201cIsso \u00e9 algo pelo qual eu, como ministro da Cultura, tenho trabalhado, porque acredito que devemos colocar tudo em jogo se quisermos acabar com a crise de leitura que, infelizmente, se vem alastrando nos \u00faltimos anos\u201d, disse Jakob  Engel-Schmidt \u00e0 ag\u00eancia de not\u00edcias Ritzau.\n<\/p>\n<p>O ministro dinamarqu\u00eas diz estar &#8220;incrivelmente orgulhoso&#8221; por ter conseguido convencer os colegas de Governo a incluir a medida na proposta de Or\u00e7amento do Estado.\n<\/p>\n<p>Em Portugal continental, os livros pagam uma taxa reduzida de 6% de IVA.<\/p>\n","protected":false},"excerpt":{"rendered":"O Governo da Dinamarca quer acabar com o IVA nos livros. A medida vai ser inclu\u00edda na proposta&hellip;\n","protected":false},"author":2,"featured_media":38030,"comment_status":"","ping_status":"","sticky":false,"template":"","format":"standard","meta":{"footnotes":""},"categories":[143],"tags":[169,114,115,170,32,33],"class_list":{"0":"post-38029","1":"post","2":"type-post","3":"status-publish","4":"format-standard","5":"has-post-thumbnail","7":"category-livros","8":"tag-books","9":"tag-entertainment","10":"tag-entretenimento","11":"tag-livros","12":"tag-portugal","13":"tag-pt"},"share_on_mastodon":{"url":"","error":""},"_links":{"self":[{"href":"https:\/\/www.europesays.com\/pt\/wp-json\/wp\/v2\/posts\/38029","targetHints":{"allow":["GET"]}}],"collection":[{"href":"https:\/\/www.europesays.com\/pt\/wp-json\/wp\/v2\/posts"}],"about":[{"href":"https:\/\/www.europesays.com\/pt\/wp-json\/wp\/v2\/types\/post"}],"author":[{"embeddable":true,"href":"https:\/\/www.europesays.com\/pt\/wp-json\/wp\/v2\/users\/2"}],"replies":[{"embeddable":true,"href":"https:\/\/www.europesays.com\/pt\/wp-json\/wp\/v2\/comments?post=38029"}],"version-history":[{"count":0,"href":"https:\/\/www.europesays.com\/pt\/wp-json\/wp\/v2\/posts\/38029\/revisions"}],"wp:featuredmedia":[{"embeddable":true,"href":"https:\/\/www.europesays.com\/pt\/wp-json\/wp\/v2\/media\/38030"}],"wp:attachment":[{"href":"https:\/\/www.europesays.com\/pt\/wp-json\/wp\/v2\/media?parent=38029"}],"wp:term":[{"taxonomy":"category","embeddable":true,"href":"https:\/\/www.europesays.com\/pt\/wp-json\/wp\/v2\/categories?post=38029"},{"taxonomy":"post_tag","embeddable":true,"href":"https:\/\/www.europesays.com\/pt\/wp-json\/wp\/v2\/tags?post=38029"}],"curies":[{"name":"wp","href":"https:\/\/api.w.org\/{rel}","templated":true}]}}