{"id":38037,"date":"2025-08-20T23:36:08","date_gmt":"2025-08-20T23:36:08","guid":{"rendered":"https:\/\/www.europesays.com\/pt\/38037\/"},"modified":"2025-08-20T23:36:08","modified_gmt":"2025-08-20T23:36:08","slug":"insolito-conflitos-entre-rabiot-e-rowe-levam-a-desmaio-de-jovem-jogador-zerozero-pt","status":"publish","type":"post","link":"https:\/\/www.europesays.com\/pt\/38037\/","title":{"rendered":"Ins\u00f3lito: conflitos entre Rabiot e Rowe levam a desmaio de jovem jogador &#8211; zerozero.pt"},"content":{"rendered":"<ol>\n<li><a href=\"https:\/\/news.google.com\/rss\/articles\/CBMisAFBVV95cUxOMFVuZkNVQWVodHlVS3hYWk9IdWRGSGZiUXE2MTJoRkJsN0ZJTlpJUUZMT05kd1dkLU1JNGlvMTdmWXl3ZEhQOWdfVjZuX2ZJemMtRXhkME84dlBaZDRzNm0zbW51aUF4VGhNS2lqMzBsNnBaRW8xSTZxN1Q1ZU5sd014amRENE96cWNFZlVPaEk3NEE5VGZITjFScVJpWkNVRXZ6aHhhN3BDU2stT0FtSw?oc=5\" target=\"_blank\" rel=\"nofollow noopener\">Ins\u00f3lito: conflitos entre Rabiot e Rowe levam a desmaio de jovem jogador<\/a>&nbsp;&nbsp;zerozero.pt<\/li>\n<li><a href=\"https:\/\/news.google.com\/rss\/articles\/CBMihgJBVV95cUxOOE9Jam5qSW5PMUJrb2YzR0lkSUdxQTA2SjFUR0JIZHBnTVhPMkREdk1LWXYtTXd2QzJKV1dEc2M5Q213OWV5d1dsdWlQRmJOVFdWdnZXWVBUcFc0cXpUbDRObHQ4RFdFMUtHQ3ZjWG5FUjh3ZGxnRW1nYWRja1VDNTZRZmZmWExjb2dYejUxajZKSDRkbWlrbHYyamp0dnZYdzVXOE1vek1yVmpDLU91RXZmLWtXUGUxaTFobUptRXEtd1FoNGRaTU90T2JIbXR5RE82d3l3NlZRcjNtLS1qdkJEclc5eWlfUnJoVjQweUxLUjlHNGZRazZUNzUxaHlLTkliMElR0gGUAkFVX3lxTFBMckdUVUd3TXNpR3ZUSnA2S2lXb3p2TjZGb2lmbHozMWhyT0Vxc3FfYllER3piTWptbUZ6N2Vya3NVTkJDRjFmWDRnM2FmWlJxVmlaNTF2SUxFWUUwNFBGSjRBQnh2V3JMUU5HanBmOE9remtYaDhmVVBKc0FaM3ZfbWtQb3BYVG5xS1RWMmlTNzRMR1V2eElMNlBYRUZxanpkbDJ4bXZyV0xrSGJYazR5LTAyZnZDbC1lUUtzTmdEV2s3aTEwYUJQcWs4ODg5Sm50MVZLR1pwM0lNRWVzc2I4dDk3dTRPSVQ5TnU2dVBQMXFYWmZUMk11REhLRExXZEhiOFZ1MktIblNBeGRuQkFZQzc0Qw?oc=5\" target=\"_blank\" rel=\"nofollow noopener\">Presidente do Olympique critica briga entre atletas ap\u00f3s derrota: &#8216;Extrema gravidade e viol\u00eancia&#8217;<\/a>&nbsp;&nbsp;O Globo<\/li>\n<li><a href=\"https:\/\/news.google.com\/rss\/articles\/CBMi1wFBVV95cUxPa2pYOHJSMnhkTU1VMHZkdlJvTFdrYzJCN193aTRZamdqQmVyYWNYRUhyLVV0MEFadTF4UUlEZ25ab1lwSkV0OEZWYU8tZng4bTFoWlBvemNFelFOZ28zenFPeWsxMUVRNE8zeG9HdlV1bzAwdVY3OHNMdWYxUDZBcmZRQ2Z3dUdnUnpyc0VfWUJvTTM3OENpSjk2d0RfS0xtb1Y3R0ViSHB5RFBOSzM0anZxSkRZX2RYNWdjcFA4TVpNVVhYWGF0VXBDQUp2Q1hSR1YwU2h5bw?oc=5\" target=\"_blank\" rel=\"nofollow noopener\">&#8216;Evento de viol\u00eancia extrema&#8217;, afirma presidente do Olympique sobre caso Rabiot<\/a>&nbsp;&nbsp;UOL Not\u00edcias<\/li>\n<li><a href=\"https:\/\/news.google.com\/rss\/articles\/CBMi8wFBVV95cUxOZC1DWkVjNWZDRHNHSW83WFd1aHFQc0p0c3hDVm9ESklDUmJjcUdjekxmT2Y0alBCLWxCclFWbGM1X2R5TkJtNGd0dVRGZWdkN0Znc0YwWkc0WS1TcTRhbTFRUlN1aWJRSVJSSHBMVTFlZUdwRkNtSWI3NVpncnB0YnZSVWtWVzg3YnlVSVJTUHF6M01fdWluTnJRRkp4UnhsYUs3dzRrZ2J5NFpndnpqTlFwMEJXOHA0bDNXNlhrcWJtd3RxSWRwQ3VPTGZkQTdSU19lZkJBc1lway1zbmp1bUhMelR1ZEVnWEZ5am5mSHBSNnc?oc=5\" target=\"_blank\" rel=\"nofollow noopener\">Olympique coloca jogador da sele\u00e7\u00e3o francesa \u00e0 venda ap\u00f3s &#8216;comportamento inaceit\u00e1vel&#8217; no vesti\u00e1rio<\/a>&nbsp;&nbsp;ESPN Brasil<\/li>\n<li><a href=\"https:\/\/news.google.com\/rss\/articles\/CBMihAJBVV95cUxNakVGWllwWjB3S3dBaWFEcmhndWlUM3FGUFY4Zjk4c0ttV2lBQ212OGFjc1ZaRC1ybEZEUVBNR0xWRTZydEhZNnpvZllsU2lCMllYOTVXR2h4Z2VUeXRQSWNWaDExQXVTNjhoQktxUU1rbVF4b0R1V3dMenJTbU5jUWhOanpKM3ZMaTNvT1Bidy1UbGtVbzFhMkJEU281ZGVfUEU4dTFnUE1Ga2pWWWoza0hqZVZOb05uaXlOQVQ0bWF4cjBPQmxZSjZIdG1yMGJmbVFyRmYwSk5OZmExRFlfYmNKZ2pYX2N3SFo0RWFWdXpRMU9oYksyakF2TTVOa1dCVzh4Qg?oc=5\" target=\"_blank\" rel=\"nofollow noopener\">Olympique afasta jogadores envolvidos na briga no vesti\u00e1rio ap\u00f3s derrota<\/a>&nbsp;&nbsp;Terra<\/li>\n<\/ol>\n","protected":false},"excerpt":{"rendered":"Ins\u00f3lito: conflitos entre Rabiot e Rowe levam a desmaio de jovem jogador&nbsp;&nbsp;zerozero.pt Presidente do Olympique critica briga entre&hellip;\n","protected":false},"author":2,"featured_media":38038,"comment_status":"","ping_status":"","sticky":false,"template":"","format":"standard","meta":{"footnotes":""},"categories":[87],"tags":[135,526,524,13,32,33,527,525,134,523],"class_list":{"0":"post-38037","1":"post","2":"type-post","3":"status-publish","4":"format-standard","5":"has-post-thumbnail","7":"category-desporto","8":"tag-desporto","9":"tag-football","10":"tag-futebol","11":"tag-noticias","12":"tag-portugal","13":"tag-pt","14":"tag-resultados","15":"tag-soccer","16":"tag-sports","17":"tag-zerozero"},"share_on_mastodon":{"url":"","error":""},"_links":{"self":[{"href":"https:\/\/www.europesays.com\/pt\/wp-json\/wp\/v2\/posts\/38037","targetHints":{"allow":["GET"]}}],"collection":[{"href":"https:\/\/www.europesays.com\/pt\/wp-json\/wp\/v2\/posts"}],"about":[{"href":"https:\/\/www.europesays.com\/pt\/wp-json\/wp\/v2\/types\/post"}],"author":[{"embeddable":true,"href":"https:\/\/www.europesays.com\/pt\/wp-json\/wp\/v2\/users\/2"}],"replies":[{"embeddable":true,"href":"https:\/\/www.europesays.com\/pt\/wp-json\/wp\/v2\/comments?post=38037"}],"version-history":[{"count":0,"href":"https:\/\/www.europesays.com\/pt\/wp-json\/wp\/v2\/posts\/38037\/revisions"}],"wp:featuredmedia":[{"embeddable":true,"href":"https:\/\/www.europesays.com\/pt\/wp-json\/wp\/v2\/media\/38038"}],"wp:attachment":[{"href":"https:\/\/www.europesays.com\/pt\/wp-json\/wp\/v2\/media?parent=38037"}],"wp:term":[{"taxonomy":"category","embeddable":true,"href":"https:\/\/www.europesays.com\/pt\/wp-json\/wp\/v2\/categories?post=38037"},{"taxonomy":"post_tag","embeddable":true,"href":"https:\/\/www.europesays.com\/pt\/wp-json\/wp\/v2\/tags?post=38037"}],"curies":[{"name":"wp","href":"https:\/\/api.w.org\/{rel}","templated":true}]}}