{"id":38041,"date":"2025-08-20T23:42:10","date_gmt":"2025-08-20T23:42:10","guid":{"rendered":"https:\/\/www.europesays.com\/pt\/38041\/"},"modified":"2025-08-20T23:42:10","modified_gmt":"2025-08-20T23:42:10","slug":"mini-sef-arranca-esta-quinta-feira-psp-fica-com-retorno-de-estrangeiros","status":"publish","type":"post","link":"https:\/\/www.europesays.com\/pt\/38041\/","title":{"rendered":"&#8216;Mini-SEF&#8217; arranca esta quinta-feira, PSP fica com retorno de estrangeiros"},"content":{"rendered":"<p style=\"text-align: left;\">A partir de amanh\u00e3, 21 de agosto, um \u00fanico organismo vai concentrar as compet\u00eancias de vigiar, fiscalizar e controlar as fronteiras aeroportu\u00e1rias, assim como a circula\u00e7\u00e3o de pessoas nestes postos de fronteira, bem como fiscalizar a perman\u00eancia de cidad\u00e3os estrangeiros em territ\u00f3rio nacional, na \u00e1rea de jurisdi\u00e7\u00e3o da PSP. &#8220;\u00c9 formalmente iniciada a instala\u00e7\u00e3o da <a href=\"https:\/\/expresso.pt\/politica\/governo\/2025-07-04-aprovada-na-generalidade-a-proposta-do-governo-que-cria-nova-unidade-na-psp-85a27c32\" target=\"_blank\" rel=\"noopener noreferrer nofollow\">Unidade Nacional de Estrangeiros e Fronteiras<\/a> (UNEF) e o exerc\u00edcio das novas compet\u00eancias que lhe foram atribu\u00eddas&#8221;, informa em comunicado a PSP.<\/p>\n<p><a href=\"https:\/\/expresso.pt\/promo\/data\/content\/binaries\/custom\/expresso\/digital\/COGB6.html?returnUrl=https:\/\/expresso.pt\/sociedade\/2025-08-20-mini-sef-arranca-esta-quinta-feira-psp-fica-com-retorno-de-estrangeiros-d0ad2a63&amp;utm_source=expresso&amp;utm_medium=locked_article&amp;locked=true&amp;article_id=be068e13-e9e6-438c-a1d3-f8abbd4d3e72&amp;author_id=Raquel+Moleiro&amp;category=Sociedade\" target=\"_self\" class=\"\" rel=\"nofollow noopener\">Subscrever<\/a>J\u00e1 \u00e9 Subscritor?Fa\u00e7a login e continue a ler<a href=\"http:\/\/expresso.pt\/codigo?redirectUrl=https:\/\/expresso.pt\/sociedade\/2025-08-20-mini-sef-arranca-esta-quinta-feira-psp-fica-com-retorno-de-estrangeiros-d0ad2a63\" target=\"_self\" class=\"\" rel=\"nofollow noopener\">Inserir C\u00f3digo<\/a>Comprou o Expresso?Insira o c\u00f3digo presente na Revista E para continuar a ler<\/p>\n","protected":false},"excerpt":{"rendered":"A partir de amanh\u00e3, 21 de agosto, um \u00fanico organismo vai concentrar as compet\u00eancias de vigiar, fiscalizar e&hellip;\n","protected":false},"author":2,"featured_media":38042,"comment_status":"","ping_status":"","sticky":false,"template":"","format":"standard","meta":{"footnotes":""},"categories":[10],"tags":[27,28,15,16,14,25,26,21,22,12,13,19,20,32,23,24,33,17,18,29,30,31],"class_list":{"0":"post-38041","1":"post","2":"type-post","3":"status-publish","4":"format-standard","5":"has-post-thumbnail","7":"category-portugal","8":"tag-breaking-news","9":"tag-breakingnews","10":"tag-featured-news","11":"tag-featurednews","12":"tag-headlines","13":"tag-latest-news","14":"tag-latestnews","15":"tag-main-news","16":"tag-mainnews","17":"tag-news","18":"tag-noticias","19":"tag-noticias-principais","20":"tag-noticiasprincipais","21":"tag-portugal","22":"tag-principais-noticias","23":"tag-principaisnoticias","24":"tag-pt","25":"tag-top-stories","26":"tag-topstories","27":"tag-ultimas","28":"tag-ultimas-noticias","29":"tag-ultimasnoticias"},"share_on_mastodon":{"url":"","error":""},"_links":{"self":[{"href":"https:\/\/www.europesays.com\/pt\/wp-json\/wp\/v2\/posts\/38041","targetHints":{"allow":["GET"]}}],"collection":[{"href":"https:\/\/www.europesays.com\/pt\/wp-json\/wp\/v2\/posts"}],"about":[{"href":"https:\/\/www.europesays.com\/pt\/wp-json\/wp\/v2\/types\/post"}],"author":[{"embeddable":true,"href":"https:\/\/www.europesays.com\/pt\/wp-json\/wp\/v2\/users\/2"}],"replies":[{"embeddable":true,"href":"https:\/\/www.europesays.com\/pt\/wp-json\/wp\/v2\/comments?post=38041"}],"version-history":[{"count":0,"href":"https:\/\/www.europesays.com\/pt\/wp-json\/wp\/v2\/posts\/38041\/revisions"}],"wp:featuredmedia":[{"embeddable":true,"href":"https:\/\/www.europesays.com\/pt\/wp-json\/wp\/v2\/media\/38042"}],"wp:attachment":[{"href":"https:\/\/www.europesays.com\/pt\/wp-json\/wp\/v2\/media?parent=38041"}],"wp:term":[{"taxonomy":"category","embeddable":true,"href":"https:\/\/www.europesays.com\/pt\/wp-json\/wp\/v2\/categories?post=38041"},{"taxonomy":"post_tag","embeddable":true,"href":"https:\/\/www.europesays.com\/pt\/wp-json\/wp\/v2\/tags?post=38041"}],"curies":[{"name":"wp","href":"https:\/\/api.w.org\/{rel}","templated":true}]}}