{"id":38043,"date":"2025-08-20T23:43:07","date_gmt":"2025-08-20T23:43:07","guid":{"rendered":"https:\/\/www.europesays.com\/pt\/38043\/"},"modified":"2025-08-20T23:43:07","modified_gmt":"2025-08-20T23:43:07","slug":"romario-baro-despede-se-do-fc-porto-e-ruma-ao-campeonato-polaco-o-jogo","status":"publish","type":"post","link":"https:\/\/www.europesays.com\/pt\/38043\/","title":{"rendered":"Rom\u00e1rio Bar\u00f3 despede-se do FC Porto e ruma ao campeonato polaco &#8211; O Jogo"},"content":{"rendered":"<ol>\n<li><a href=\"https:\/\/news.google.com\/rss\/articles\/CBMinAFBVV95cUxNb2h1RUoxOWFxMktFRlk1LVJjdXduTVZ1ZHoyLVhzUTZhOFRpNnhiSFc1M000dzIyWDdSSmgxRENtWnlwU2VXdktndy1PaXBHTXY2SGl5dWhzQ1c2QWIzVG5hRlQzZjhDZEZpa0wwY05TbTRSRGVKclVXUVVGUUNvbEtKcldmRTRIc2FocXhqXzB4WDRiS3JvWXFwOVU?oc=5\" target=\"_blank\" rel=\"nofollow noopener\">Rom\u00e1rio Bar\u00f3 despede-se do FC Porto e ruma ao campeonato polaco<\/a>&nbsp;&nbsp;O Jogo<\/li>\n<li><a href=\"https:\/\/news.google.com\/rss\/articles\/CBMioAFBVV95cUxNZVZVVUdpbGhGa1RUb0xCMjBHVG1ZWEUySWQ4aUJYQnEwbl8wM2lndnUybkNsUWFTbDFrSnU1M25GUlF4RUFjLXVKeWhKVm1tTWh0bWdEM29ESExwNkpKVTh6OXhNRktrZ2c5QndRMFVtbi1yR3ZKMlgwTjBmZDl4NXZzeGI5Tm1ENFRNQzYwWjB1c1huXzM3Rm1jZlhMdHMx?oc=5\" target=\"_blank\" rel=\"nofollow noopener\">Mercado oficial: Rom\u00e1rio Bar\u00f3 vai jogar na Pol\u00f3nia<\/a>&nbsp;&nbsp;A Bola<\/li>\n<li><a href=\"https:\/\/news.google.com\/rss\/articles\/CBMi6gFBVV95cUxNUWI0R25rMXNxczBUakFScWpfb2pfWTRfeUxJWllSTGlpLXliQ0poWi11U1JzZTFWS3JLb1ZHS25sQzdvSm50UW9fanpWVHc2cnhSYzVjc2ZCTzYtV3d5OTNvdlJsTllpYy1PZnJHY0hSYTNuSGZMMHh3T1pqRGl3TkhMVlJvU1EtT1Y2cUdqQUVrZXg3WEs0a3ZRWjVqRm0xREJWRTFHaXFSbHR2Z1NtRFU0Y1Y1eGxMSnJIUElSMzZXS0Fjd2REWU0yUmpHUV9PUXJXUXA1VkpvdDI4WTJMMk1ocHZFSkFjUnfSAe8BQVVfeXFMTl9seUxWSFZuazVlVklmYzdLbjBTeHdvWnlRcGNaRVpRTzc3eG9VWWtLcFZDdF9wS0tjcDZTQjJZTmg4VDdhazd0NWQtYmJKcXpRRHFBcGFzd05UdjNnLVlMN0ZtdER3anFBTlhXQmhDTlJINGlOTWJ5YjFnSmhNTTZmbkxCcFhqelcycHdsaXExN0lOMy1PNU1NRUhKYzZ0Z3dSczktbWJuanNDeUVXX1RvQXRTUUFXS1k1bWhtRktDbU54SG4xenMwRmk0V0RYOHhzZFAteTE2S0NxZUZhTDB5V0h6enhCWE15WGRwSzQ?oc=5\" target=\"_blank\" rel=\"nofollow noopener\">Imprensa polaca avan\u00e7a que Rom\u00e1rio Bar\u00f3, \u2018excedent\u00e1rio\u2019 do FC Porto, vai representar o Radomiak Radom<\/a>&nbsp;&nbsp;Somos Fan\u00e1ticos<\/li>\n<li><a href=\"https:\/\/news.google.com\/rss\/articles\/CBMinAFBVV95cUxNbjZvcGRZT2VfcFpNNXVpTnhzd21EbTVKTEUwaVM0aGlhM3hOY0dpV29OcTk4am9hQ3k0M0hBZllFaEtORXpsS2k4QXlLN0FYVmNOYVNlOEk0eUkyX1hxVVJ1ZG1kUDAtS3dwdGtsNkJxTnpRZWhRSFZrYUpWWGpQeS1EWkpQRThOM2ZQV0s1M2RZTm9oN1BEQVViQmY?oc=5\" target=\"_blank\" rel=\"nofollow noopener\">Rom\u00e1rio Bar\u00f3 deixa o F. C. Porto rumo a um clube polaco<\/a>&nbsp;&nbsp;Jornal de Not\u00edcias<\/li>\n<\/ol>\n","protected":false},"excerpt":{"rendered":"Rom\u00e1rio Bar\u00f3 despede-se do FC Porto e ruma ao campeonato polaco&nbsp;&nbsp;O Jogo Mercado oficial: Rom\u00e1rio Bar\u00f3 vai jogar&hellip;\n","protected":false},"author":2,"featured_media":38044,"comment_status":"","ping_status":"","sticky":false,"template":"","format":"standard","meta":{"footnotes":""},"categories":[8],"tags":[27,28,15,16,14,25,26,21,22,12,13,19,20,32,23,24,33,17,18,29,30,31],"class_list":{"0":"post-38043","1":"post","2":"type-post","3":"status-publish","4":"format-standard","5":"has-post-thumbnail","7":"category-principais-noticias","8":"tag-breaking-news","9":"tag-breakingnews","10":"tag-featured-news","11":"tag-featurednews","12":"tag-headlines","13":"tag-latest-news","14":"tag-latestnews","15":"tag-main-news","16":"tag-mainnews","17":"tag-news","18":"tag-noticias","19":"tag-noticias-principais","20":"tag-noticiasprincipais","21":"tag-portugal","22":"tag-principais-noticias","23":"tag-principaisnoticias","24":"tag-pt","25":"tag-top-stories","26":"tag-topstories","27":"tag-ultimas","28":"tag-ultimas-noticias","29":"tag-ultimasnoticias"},"share_on_mastodon":{"url":"","error":""},"_links":{"self":[{"href":"https:\/\/www.europesays.com\/pt\/wp-json\/wp\/v2\/posts\/38043","targetHints":{"allow":["GET"]}}],"collection":[{"href":"https:\/\/www.europesays.com\/pt\/wp-json\/wp\/v2\/posts"}],"about":[{"href":"https:\/\/www.europesays.com\/pt\/wp-json\/wp\/v2\/types\/post"}],"author":[{"embeddable":true,"href":"https:\/\/www.europesays.com\/pt\/wp-json\/wp\/v2\/users\/2"}],"replies":[{"embeddable":true,"href":"https:\/\/www.europesays.com\/pt\/wp-json\/wp\/v2\/comments?post=38043"}],"version-history":[{"count":0,"href":"https:\/\/www.europesays.com\/pt\/wp-json\/wp\/v2\/posts\/38043\/revisions"}],"wp:featuredmedia":[{"embeddable":true,"href":"https:\/\/www.europesays.com\/pt\/wp-json\/wp\/v2\/media\/38044"}],"wp:attachment":[{"href":"https:\/\/www.europesays.com\/pt\/wp-json\/wp\/v2\/media?parent=38043"}],"wp:term":[{"taxonomy":"category","embeddable":true,"href":"https:\/\/www.europesays.com\/pt\/wp-json\/wp\/v2\/categories?post=38043"},{"taxonomy":"post_tag","embeddable":true,"href":"https:\/\/www.europesays.com\/pt\/wp-json\/wp\/v2\/tags?post=38043"}],"curies":[{"name":"wp","href":"https:\/\/api.w.org\/{rel}","templated":true}]}}