{"id":38059,"date":"2025-08-21T00:02:08","date_gmt":"2025-08-21T00:02:08","guid":{"rendered":"https:\/\/www.europesays.com\/pt\/38059\/"},"modified":"2025-08-21T00:02:08","modified_gmt":"2025-08-21T00:02:08","slug":"diretor-geral-do-wolfsburgo-comenta-interesse-do-benfica-em-amoura","status":"publish","type":"post","link":"https:\/\/www.europesays.com\/pt\/38059\/","title":{"rendered":"Diretor-geral do Wolfsburgo comenta interesse do Benfica em Amoura"},"content":{"rendered":"<p>O <a class=\"autolink-enabled\" data-resource-id=\"227\" data-resource-type=\"team\" data-sport=\"football\" href=\"https:\/\/www.abola.pt\/futebol\/wolfsburgo-227\" rel=\"nofollow noopener\" target=\"_blank\">Wolfsburgo<\/a> n\u00e3o d\u00e1 sinais de ced\u00eancia por <a class=\"autolink-enabled\" data-resource-id=\"220619\" data-resource-type=\"player\" data-sport=\"football\" href=\"https:\/\/www.abola.pt\/futebol\/jogador\/mohamed-amoura-220619\" rel=\"nofollow noopener\" target=\"_blank\">Mohamed Amoura<\/a>, alvo do <a class=\"autolink-enabled\" data-resource-id=\"450\" data-resource-type=\"team\" data-sport=\"football\" href=\"https:\/\/www.abola.pt\/futebol\/benfica-450\" rel=\"nofollow noopener\" target=\"_blank\">Benfica<\/a> para o ataque e, em entrevista ao jornal Wolfsburger Allgemeine, o diretor-geral do clube alem\u00e3o deixou um aviso \u00e0 &#8216;navega\u00e7\u00e3o&#8217; sobre o avan\u00e7ado argelino.<\/p>\n<p>\u00abEstamos na \u00e9poca das transfer\u00eancias, tudo pode acontecer. Mas isso n\u00e3o se aplica apenas ao Mo. Ele s\u00f3 sair\u00e1 se o pre\u00e7o for justo. E s\u00f3 o venderemos se acreditarmos que, mesmo sem ele, continuamos a ter armas adequadas na equipa para poder causar danos aos advers\u00e1rios. N\u00e3o queremos entrar na nova temporada enfraquecidos\u00bb, prometeu Peter Christiansen, sem confirmar se j\u00e1 houve uma proposta oficial pelo jogador.<\/p>\n<p>Por tudo isto, o dirigente n\u00e3o v\u00ea motivos para Amoura n\u00e3o ser utilizado no s\u00e1bado, frente ao Heidenheim, na estreia do Wolfsburgo na Bundesliga 2025\/26. \u00abPor que motivo n\u00e3o jogaria?\u00bb, contrap\u00f4s Christiansen, depois de, esta quarta-feira, o jogador ter deixado o treino mais cedo, com uma aparente limita\u00e7\u00e3o f\u00edsica.<\/p>\n","protected":false},"excerpt":{"rendered":"O Wolfsburgo n\u00e3o d\u00e1 sinais de ced\u00eancia por Mohamed Amoura, alvo do Benfica para o ataque e, em&hellip;\n","protected":false},"author":2,"featured_media":38060,"comment_status":"","ping_status":"","sticky":false,"template":"","format":"standard","meta":{"footnotes":""},"categories":[8],"tags":[27,28,15,16,14,25,26,21,22,12,13,19,20,32,23,24,33,17,18,29,30,31],"class_list":{"0":"post-38059","1":"post","2":"type-post","3":"status-publish","4":"format-standard","5":"has-post-thumbnail","7":"category-principais-noticias","8":"tag-breaking-news","9":"tag-breakingnews","10":"tag-featured-news","11":"tag-featurednews","12":"tag-headlines","13":"tag-latest-news","14":"tag-latestnews","15":"tag-main-news","16":"tag-mainnews","17":"tag-news","18":"tag-noticias","19":"tag-noticias-principais","20":"tag-noticiasprincipais","21":"tag-portugal","22":"tag-principais-noticias","23":"tag-principaisnoticias","24":"tag-pt","25":"tag-top-stories","26":"tag-topstories","27":"tag-ultimas","28":"tag-ultimas-noticias","29":"tag-ultimasnoticias"},"share_on_mastodon":{"url":"","error":""},"_links":{"self":[{"href":"https:\/\/www.europesays.com\/pt\/wp-json\/wp\/v2\/posts\/38059","targetHints":{"allow":["GET"]}}],"collection":[{"href":"https:\/\/www.europesays.com\/pt\/wp-json\/wp\/v2\/posts"}],"about":[{"href":"https:\/\/www.europesays.com\/pt\/wp-json\/wp\/v2\/types\/post"}],"author":[{"embeddable":true,"href":"https:\/\/www.europesays.com\/pt\/wp-json\/wp\/v2\/users\/2"}],"replies":[{"embeddable":true,"href":"https:\/\/www.europesays.com\/pt\/wp-json\/wp\/v2\/comments?post=38059"}],"version-history":[{"count":0,"href":"https:\/\/www.europesays.com\/pt\/wp-json\/wp\/v2\/posts\/38059\/revisions"}],"wp:featuredmedia":[{"embeddable":true,"href":"https:\/\/www.europesays.com\/pt\/wp-json\/wp\/v2\/media\/38060"}],"wp:attachment":[{"href":"https:\/\/www.europesays.com\/pt\/wp-json\/wp\/v2\/media?parent=38059"}],"wp:term":[{"taxonomy":"category","embeddable":true,"href":"https:\/\/www.europesays.com\/pt\/wp-json\/wp\/v2\/categories?post=38059"},{"taxonomy":"post_tag","embeddable":true,"href":"https:\/\/www.europesays.com\/pt\/wp-json\/wp\/v2\/tags?post=38059"}],"curies":[{"name":"wp","href":"https:\/\/api.w.org\/{rel}","templated":true}]}}