{"id":38066,"date":"2025-08-21T00:15:08","date_gmt":"2025-08-21T00:15:08","guid":{"rendered":"https:\/\/www.europesays.com\/pt\/38066\/"},"modified":"2025-08-21T00:15:08","modified_gmt":"2025-08-21T00:15:08","slug":"bodo-glimt-aplica-mao-cheia-celtic-e-fc-basel-com-empates-caseiros-zerozero-pt","status":"publish","type":"post","link":"https:\/\/www.europesays.com\/pt\/38066\/","title":{"rendered":"Bodo\/Glimt aplica m\u00e3o cheia; Celtic e FC Basel com empates caseiros &#8211; zerozero.pt"},"content":{"rendered":"<ol>\n<li><a href=\"https:\/\/news.google.com\/rss\/articles\/CBMiqgFBVV95cUxNcy14S2NvVFhtLVhzakF1eEE4NGNpMVR4QmVySkhWMG9rYzNtWTZZZ2xsOTRJNWN2SVpIN0hGdVNXTFlhQl9QeHduNmpzNmdrZmVmbEZhVGthOVA3ZktTemdaUzhZa3BxaEwtc01qTnR0UGlodzJkOFhLZjlrXzM4bXY0UWFPMW4ycVE4OU1LcWJEbXRJTXhzQXhnN3JVVTRMdXBNa2NXZGhLZw?oc=5\" target=\"_blank\" rel=\"nofollow noopener\">Bodo\/Glimt aplica m\u00e3o cheia; Celtic e FC Basel com empates caseiros<\/a>&nbsp;&nbsp;zerozero.pt<\/li>\n<li><a href=\"https:\/\/news.google.com\/rss\/articles\/CBMimAFBVV95cUxQUmF6elktMUcyUFg2QWRFY2ZTVzVzYVZXYWJtYXFCcUFCM2xJTWMtTkw0T1l2LVgtU1luYTVTbHVCaXB2ODZ3WWw4eE8tUjYzdDBGMHdrelRNbXY5SXBIMnREMVg4UnZOMjRyZUZHSGtqY3N5M0lXZV9lb05FM2FyeHJNOFg5VjBlYmVEVU1lQ3JfcW5hQVZKMg?oc=5\" target=\"_blank\" rel=\"nofollow noopener\">Bod\u00f8\/Glimt x Sturm Graz: onde assistir, hor\u00e1rio e escala\u00e7\u00f5es<\/a>&nbsp;&nbsp;VEJA<\/li>\n<li><a href=\"https:\/\/news.google.com\/rss\/articles\/CBMiowFBVV95cUxOUGVqbEJrZzFvc2tGQWtkblllWXhpdzlxQ203WVNvb1VubWEwRHliTTR6RDVuOUd5aTNoOWJ3dzNNN1N5dFo0ZDcxRnRKeHN1dHEzR0lNS1RENlY3THZkOVpCMHZKSHgzZFRBNkNzdktCY29mQzlNQXhVQ0oySU9BVmtPRS1jX2VaWFVPVVlNUHZJb0ZZbGJiSHhpZjBWajEwTG1B?oc=5\" target=\"_blank\" rel=\"nofollow noopener\">Confira os resultados desta quarta-feira (20\/8) da Champions League<\/a>&nbsp;&nbsp;Metr\u00f3poles<\/li>\n<li><a href=\"https:\/\/news.google.com\/rss\/articles\/CBMihwJBVV95cUxQQXRTcTZuRzRNR3FPU0tGTG9LeDI4RWkwbU12S3lPdzJfcmlLU21OT1VKaFM5YVBaZHFFb0NfTklhVEQzQ0NoRF91ay1UN3pEX1VVT2UweHUxWjdJMHNnYi1HaFVwSVh5c3ZRMldpUnlPQ1VmN3hFeFBnTTk0VHhiUnFWcmxiTEhfanZJUG00MmI3dE9MTzlFMG16NW9wdVU5NlBTbVZ6SW83bmZYUXQ0eVg1ajJDdlBWU0FiNDM0MkdUdG85VnBkS3lTN0ZZcmlZbTZPb3JJcXVZc2JpMzFwM2MtSDZjcGU1Y3gwOXdfcFBwbTZMMmpKbU1icjQwVGEtV2cyZUppNA?oc=5\" target=\"_blank\" rel=\"nofollow noopener\">Playffos da Champions: Benfica segura empate com um a menos; Bod\u00f8\/Glimt goleia<\/a>&nbsp;&nbsp;Terra<\/li>\n<li><a href=\"https:\/\/news.google.com\/rss\/articles\/CBMi1gFBVV95cUxQMmhrZjhWNVpRZnZpZ2JXWG4xY3VyYUtlYUlaRjk4OGRZUWlrY2Y2XzZFTEF3S2p1SmVtUGcxNDRfckZlTHQ3eVNyR2laOG52RW43Zm1NVlVKbjdHVmdIYWNkWjZGb1Y5LUQzUU5vajBXVElzU2VHbjFJVmlSa1BxWDBpZUxOUHc2RnVNY3ZiNm54M1l3UWpRenBDZlE4RU1GUGNNbFFLMllPb3Ezak5kSXY5MDJteXU0Q3M1RS0tRVc5RjF0T0x0dlRzd3pMVld1eHd4MTFn0gHbAUFVX3lxTE52U25oT0RidVhfV3N3eGl2c0JGLVFOeU9WeVRDOWpYOEpPMlNua0x0TWJ3bDhPVXphSnZsRTBUbkRrTFlwY3pOcS04QzF6VVVNR1U0T0stTzBURFIxWENjRVZnT09FZmZtckxuTE1yTUNuYmxRdnZQZi14Ym9pOThHUlFCNFZjN29IOHY3MXV3UmhSc1puTnRIQmdKc2xjbjBYakhhSlZ6bk9DWEFWTjFYRWY3UDluVXFLX2dtR1hPY3l4VmlwWFdWQzZmTlNmc2lCNGR1QklWT1hySQ?oc=5\" target=\"_blank\" rel=\"nofollow noopener\">Teve brasileiro se destacando; confira os resultados da Champions<\/a>&nbsp;&nbsp;LANCE!<\/li>\n<\/ol>\n","protected":false},"excerpt":{"rendered":"Bodo\/Glimt aplica m\u00e3o cheia; Celtic e FC Basel com empates caseiros&nbsp;&nbsp;zerozero.pt Bod\u00f8\/Glimt x Sturm Graz: onde assistir, hor\u00e1rio&hellip;\n","protected":false},"author":2,"featured_media":38067,"comment_status":"","ping_status":"","sticky":false,"template":"","format":"standard","meta":{"footnotes":""},"categories":[87],"tags":[135,526,524,13,32,33,527,525,134,523],"class_list":{"0":"post-38066","1":"post","2":"type-post","3":"status-publish","4":"format-standard","5":"has-post-thumbnail","7":"category-desporto","8":"tag-desporto","9":"tag-football","10":"tag-futebol","11":"tag-noticias","12":"tag-portugal","13":"tag-pt","14":"tag-resultados","15":"tag-soccer","16":"tag-sports","17":"tag-zerozero"},"share_on_mastodon":{"url":"","error":""},"_links":{"self":[{"href":"https:\/\/www.europesays.com\/pt\/wp-json\/wp\/v2\/posts\/38066","targetHints":{"allow":["GET"]}}],"collection":[{"href":"https:\/\/www.europesays.com\/pt\/wp-json\/wp\/v2\/posts"}],"about":[{"href":"https:\/\/www.europesays.com\/pt\/wp-json\/wp\/v2\/types\/post"}],"author":[{"embeddable":true,"href":"https:\/\/www.europesays.com\/pt\/wp-json\/wp\/v2\/users\/2"}],"replies":[{"embeddable":true,"href":"https:\/\/www.europesays.com\/pt\/wp-json\/wp\/v2\/comments?post=38066"}],"version-history":[{"count":0,"href":"https:\/\/www.europesays.com\/pt\/wp-json\/wp\/v2\/posts\/38066\/revisions"}],"wp:featuredmedia":[{"embeddable":true,"href":"https:\/\/www.europesays.com\/pt\/wp-json\/wp\/v2\/media\/38067"}],"wp:attachment":[{"href":"https:\/\/www.europesays.com\/pt\/wp-json\/wp\/v2\/media?parent=38066"}],"wp:term":[{"taxonomy":"category","embeddable":true,"href":"https:\/\/www.europesays.com\/pt\/wp-json\/wp\/v2\/categories?post=38066"},{"taxonomy":"post_tag","embeddable":true,"href":"https:\/\/www.europesays.com\/pt\/wp-json\/wp\/v2\/tags?post=38066"}],"curies":[{"name":"wp","href":"https:\/\/api.w.org\/{rel}","templated":true}]}}