{"id":38070,"date":"2025-08-21T00:22:11","date_gmt":"2025-08-21T00:22:11","guid":{"rendered":"https:\/\/www.europesays.com\/pt\/38070\/"},"modified":"2025-08-21T00:22:11","modified_gmt":"2025-08-21T00:22:11","slug":"o-valor-da-proposta-do-sporting-ao-corunha-por-yeremay","status":"publish","type":"post","link":"https:\/\/www.europesays.com\/pt\/38070\/","title":{"rendered":"O valor da proposta do Sporting ao Corunha por Yeremay"},"content":{"rendered":"<p><a class=\"autolink-enabled\" data-resource-id=\"448\" data-resource-type=\"team\" data-sport=\"football\" href=\"https:\/\/www.abola.pt\/futebol\/sporting-448\" rel=\"nofollow noopener\" target=\"_blank\">Sporting<\/a> e <a class=\"autolink-enabled\" data-resource-id=\"206\" data-resource-type=\"team\" data-sport=\"football\" href=\"https:\/\/www.abola.pt\/futebol\/deportivo-la-corunha-206\" rel=\"nofollow noopener\" target=\"_blank\">Corunha<\/a> est\u00e3o em negocia\u00e7\u00f5es por <a class=\"autolink-enabled\" data-resource-id=\"250727\" data-resource-type=\"player\" data-sport=\"football\" href=\"https:\/\/www.abola.pt\/futebol\/jogador\/yeremay-hernandez-250727\" rel=\"nofollow noopener\" target=\"_blank\">Yeremay Hern\u00e1ndez<\/a> e h\u00e1 uma proposta (s\u00f3 houve ainda apenas uma \u00fanica proposta) em cima da mesa do clube galego. O valor, sabe A BOLA, \u00e9 de 25 milh\u00f5es de euros mais b\u00f3nus de 5 milh\u00f5es que podem inflacionar o neg\u00f3cio at\u00e9 aos 30 milh\u00f5es de euros. O Depor n\u00e3o est\u00e1 muito convencido mas a administra\u00e7\u00e3o dos verdes e brancos insiste e est\u00e1 empenhada em conseguir oferecer o talentoso extremo de 22 anos ao treinador Rui Borges.<\/p>\n<p>J\u00e1 no ver\u00e3o passado, o <a class=\"autolink-enabled\" data-resource-id=\"448\" data-resource-type=\"team\" data-sport=\"football\" href=\"https:\/\/www.abola.pt\/futebol\/sporting-448\" rel=\"nofollow noopener\" target=\"_blank\">Sporting<\/a> queria um extremo destro para jogar a partir da esquerda e j\u00e1 nessa altura tinha <a class=\"autolink-enabled\" data-resource-id=\"250727\" data-resource-type=\"player\" data-sport=\"football\" href=\"https:\/\/www.abola.pt\/futebol\/jogador\/yeremay-hernandez-250727\" rel=\"nofollow noopener\" target=\"_blank\">Yeremay<\/a> identificado. Mais do que referenciado, os le\u00f5es tinham no espanhol o alvo preferencial para a posi\u00e7\u00e3o mas os valores pedidos pelos galegos eram impeditivos de avan\u00e7os. Esses valores continuam altos, muito altos, mas os le\u00f5es est\u00e3o agora em condi\u00e7\u00f5es de abrir um pouco mais os cord\u00f5es \u00e0 bolsa para contratar o internacional sub-21 espanhol.<\/p>\n<p>A estrutura leonina avan\u00e7ou j\u00e1 com uma proposta que ter\u00e1 de ser negociada, dada a relut\u00e2ncia do Depor para aceitar transferir o atacante. Mas tendo apenas por refer\u00eancia este valor base de 25+5 seria desde logo a mais cara aquisi\u00e7\u00e3o da hist\u00f3ria do emblema leonino \u2013 \u00e0 frente dos 22 milh\u00f5es (mais poss\u00edveis \u20ac5 milh\u00f5es em b\u00f3nus) pagos para contratar <a class=\"autolink-enabled\" data-resource-id=\"136456\" data-resource-type=\"player\" data-sport=\"football\" href=\"https:\/\/www.abola.pt\/futebol\/jogador\/luis-suarez-136456\" rel=\"nofollow noopener\" target=\"_blank\">Luis Su\u00e1rez<\/a> ao Almeria j\u00e1 este ver\u00e3o, uma opera\u00e7\u00e3o que pode ent\u00e3o no m\u00e1ximo chegar aos 27 milh\u00f5es de euros.<\/p>\n<p>Se a jogar contra, o <a class=\"autolink-enabled\" data-resource-id=\"448\" data-resource-type=\"team\" data-sport=\"football\" href=\"https:\/\/www.abola.pt\/futebol\/sporting-448\" rel=\"nofollow noopener\" target=\"_blank\">Sporting<\/a> tem a relut\u00e2ncia do <a class=\"autolink-enabled\" data-resource-id=\"206\" data-resource-type=\"team\" data-sport=\"football\" href=\"https:\/\/www.abola.pt\/futebol\/deportivo-la-corunha-206\" rel=\"nofollow noopener\" target=\"_blank\">Corunha<\/a>, a favor tem o facto de <a class=\"autolink-enabled\" data-resource-id=\"250727\" data-resource-type=\"player\" data-sport=\"football\" href=\"https:\/\/www.abola.pt\/futebol\/jogador\/yeremay-hernandez-250727\" rel=\"nofollow noopener\" target=\"_blank\">Yeremay<\/a> estar convencido com o projeto que lhe foi apresentado pelo diretor geral dos le\u00f5es, Bernardo Morais Palmeiro, que o convenceu a dizer sim aos le\u00f5es, os primeiros a quem deu resposta positiva, depois de quatro negas a Como, <a class=\"autolink-enabled\" data-resource-id=\"262\" data-resource-type=\"team\" data-sport=\"football\" href=\"https:\/\/www.abola.pt\/futebol\/ssc-napoles-262\" rel=\"nofollow noopener\" target=\"_blank\">N\u00e1poles<\/a>, <a class=\"autolink-enabled\" data-resource-id=\"249\" data-resource-type=\"team\" data-sport=\"football\" href=\"https:\/\/www.abola.pt\/futebol\/roma-249\" rel=\"nofollow noopener\" target=\"_blank\">Roma<\/a> e <a class=\"autolink-enabled\" data-resource-id=\"230\" data-resource-type=\"team\" data-sport=\"football\" href=\"https:\/\/www.abola.pt\/futebol\/borussia-dortmund-230\" rel=\"nofollow noopener\" target=\"_blank\">Dortmund<\/a> \u2013 os dois primeiros ainda antes de 1 de julho, altura em que a cl\u00e1usula de rescis\u00e3o era de 20 milh\u00f5es de euros; depois aos da capital italiana; mais recentemente aos alem\u00e3es.<\/p>\n<p>Inc\u00f3gnita neste processo \u00e9 a cl\u00e1usula de rescis\u00e3o que consta no contrato de <a class=\"autolink-enabled\" data-resource-id=\"250727\" data-resource-type=\"player\" data-sport=\"football\" href=\"https:\/\/www.abola.pt\/futebol\/jogador\/yeremay-hernandez-250727\" rel=\"nofollow noopener\" target=\"_blank\">Yeremay<\/a>, renovado em junho. De Espanha dizem que passou para 30 milh\u00f5es, valor que subir\u00e1 gradualmente com o avan\u00e7ar do mercado, ao ponto de algumas not\u00edcias em meios galegos apontarem j\u00e1 para \u20ac50 M e at\u00e9 \u20ac70 M.<\/p>\n<p>                3<\/p>\n<p>            Os clubes que Yeremay, 22 anos, j\u00e1 conheceu na sua ainda curta carreira. Come\u00e7ou no Las Palmas, de onde \u00e9 natural, mas nos sub-15 rumou ao Real Madrid. Duas \u00e9pocas depois, nos sub-17, chegou ao Corunha, onde agora \u00e9 titular indiscut\u00edvel na equipa A (15 golos e 5 assist\u00eancias em 39 jogos na \u00faltima \u00e9poca)<\/p>\n<p>Certo, certo \u00e9 o empenho leonino na contrata\u00e7\u00e3o do extremo, a proposta de 25 milh\u00f5es de euros mais 5 milh\u00f5es por objetivos e que a administra\u00e7\u00e3o leonina n\u00e3o vai chegar nunca aos valores apontados \u00e0 cl\u00e1usula. Ainda assim Yeremay \u00e9 o n\u00famero um da lista de potenciais refor\u00e7os para a posi\u00e7\u00e3o, onde tamb\u00e9m consta <a class=\"autolink-enabled\" data-resource-id=\"250664\" data-resource-type=\"player\" data-sport=\"football\" href=\"https:\/\/www.abola.pt\/futebol\/jogador\/kevin-250664\" rel=\"nofollow noopener\" target=\"_blank\">Kevin<\/a>, brasileiro do <a class=\"autolink-enabled\" data-resource-id=\"357\" data-resource-type=\"team\" data-sport=\"football\" href=\"https:\/\/www.abola.pt\/futebol\/shakhtar-donetsk-357\" rel=\"nofollow noopener\" target=\"_blank\">Shakhtar Donetsk<\/a> que tamb\u00e9m tem o passe avaliado em alta \u00a0pelos ucranianos, que pedem acima dos 30 milh\u00f5es, perto at\u00e9 dos 40 milh\u00f5es para o deixar sair.<\/p>\n","protected":false},"excerpt":{"rendered":"Sporting e Corunha est\u00e3o em negocia\u00e7\u00f5es por Yeremay Hern\u00e1ndez e h\u00e1 uma proposta (s\u00f3 houve ainda apenas uma&hellip;\n","protected":false},"author":2,"featured_media":38071,"comment_status":"","ping_status":"","sticky":false,"template":"","format":"standard","meta":{"footnotes":""},"categories":[8],"tags":[27,28,15,16,14,25,26,21,22,12,13,19,20,32,23,24,33,17,18,29,30,31],"class_list":{"0":"post-38070","1":"post","2":"type-post","3":"status-publish","4":"format-standard","5":"has-post-thumbnail","7":"category-principais-noticias","8":"tag-breaking-news","9":"tag-breakingnews","10":"tag-featured-news","11":"tag-featurednews","12":"tag-headlines","13":"tag-latest-news","14":"tag-latestnews","15":"tag-main-news","16":"tag-mainnews","17":"tag-news","18":"tag-noticias","19":"tag-noticias-principais","20":"tag-noticiasprincipais","21":"tag-portugal","22":"tag-principais-noticias","23":"tag-principaisnoticias","24":"tag-pt","25":"tag-top-stories","26":"tag-topstories","27":"tag-ultimas","28":"tag-ultimas-noticias","29":"tag-ultimasnoticias"},"share_on_mastodon":{"url":"","error":""},"_links":{"self":[{"href":"https:\/\/www.europesays.com\/pt\/wp-json\/wp\/v2\/posts\/38070","targetHints":{"allow":["GET"]}}],"collection":[{"href":"https:\/\/www.europesays.com\/pt\/wp-json\/wp\/v2\/posts"}],"about":[{"href":"https:\/\/www.europesays.com\/pt\/wp-json\/wp\/v2\/types\/post"}],"author":[{"embeddable":true,"href":"https:\/\/www.europesays.com\/pt\/wp-json\/wp\/v2\/users\/2"}],"replies":[{"embeddable":true,"href":"https:\/\/www.europesays.com\/pt\/wp-json\/wp\/v2\/comments?post=38070"}],"version-history":[{"count":0,"href":"https:\/\/www.europesays.com\/pt\/wp-json\/wp\/v2\/posts\/38070\/revisions"}],"wp:featuredmedia":[{"embeddable":true,"href":"https:\/\/www.europesays.com\/pt\/wp-json\/wp\/v2\/media\/38071"}],"wp:attachment":[{"href":"https:\/\/www.europesays.com\/pt\/wp-json\/wp\/v2\/media?parent=38070"}],"wp:term":[{"taxonomy":"category","embeddable":true,"href":"https:\/\/www.europesays.com\/pt\/wp-json\/wp\/v2\/categories?post=38070"},{"taxonomy":"post_tag","embeddable":true,"href":"https:\/\/www.europesays.com\/pt\/wp-json\/wp\/v2\/tags?post=38070"}],"curies":[{"name":"wp","href":"https:\/\/api.w.org\/{rel}","templated":true}]}}