{"id":38082,"date":"2025-08-21T00:29:11","date_gmt":"2025-08-21T00:29:11","guid":{"rendered":"https:\/\/www.europesays.com\/pt\/38082\/"},"modified":"2025-08-21T00:29:11","modified_gmt":"2025-08-21T00:29:11","slug":"liga-dos-campeoes-fenerbahce-sl-benfica","status":"publish","type":"post","link":"https:\/\/www.europesays.com\/pt\/38082\/","title":{"rendered":"Liga dos Campe\u00f5es. Fenerbah\u00e7e-SL Benfica"},"content":{"rendered":"<p>        Quer partilhar este artigo?<\/p>\n<p>      <img decoding=\"async\" itemprop=\"url\" alt=\"\" class=\"img-fluid\"  src=\"https:\/\/www.europesays.com\/pt\/wp-content\/uploads\/2025\/08\/80cb57c703e6413cfc88cfa397b132f4\" \/><\/p>\n<p>              EPA&#13;<\/p>\n<p itemprop=\"description\" class=\"article-lead\">\n      O Benfica empata na visita aos turcos do Fenerbah\u00e7e, treinado por Jos\u00e9 Mourinho. Um jogo da primeira m\u00e3o do play-off de acesso \u00e0 fase de liga da Liga dos Campe\u00f5es de futebol, que que os encarnados jogaram apenas com 10, nos \u00faltimos 20 minutos, ap\u00f3s expuls\u00e3o de Florentino, por acumula\u00e7\u00e3o de amarelos.&#13;<br \/>\n&#13;<\/p>\n<p itemprop=\"text\" class=\"article-body\">\n      Com o \u2018nulo\u2019 em Istambul, os \u2018encarnados\u2019 adiam todas as decis\u00f5es para o encontro da segunda m\u00e3o, dentro de uma semana, em 27 de agosto, no Est\u00e1dio da Luz, em Lisboa.<\/p>\n<p>&#13;<br \/>\nO vencedor desta eliminat\u00f3ria garante uma vaga na fase de liga da \u2018Champions\u2019, enquanto o derrotado ser\u00e1 relegado para a Liga Europa.<br \/>&#13;\n<\/p>\n<p>&#13;<br \/>\nO Benfica com este jogo na Turquia faz uma serie de cinco jogos sem sofrer golos.&#13;<\/p>\n","protected":false},"excerpt":{"rendered":"Quer partilhar este artigo? EPA&#13; O Benfica empata na visita aos turcos do Fenerbah\u00e7e, treinado por Jos\u00e9 Mourinho.&hellip;\n","protected":false},"author":2,"featured_media":38083,"comment_status":"","ping_status":"","sticky":false,"template":"","format":"standard","meta":{"footnotes":""},"categories":[87],"tags":[135,13,32,33,420,421,134],"class_list":{"0":"post-38082","1":"post","2":"type-post","3":"status-publish","4":"format-standard","5":"has-post-thumbnail","7":"category-desporto","8":"tag-desporto","9":"tag-noticias","10":"tag-portugal","11":"tag-pt","12":"tag-rtp","13":"tag-rtp-noticias","14":"tag-sports"},"share_on_mastodon":{"url":"","error":""},"_links":{"self":[{"href":"https:\/\/www.europesays.com\/pt\/wp-json\/wp\/v2\/posts\/38082","targetHints":{"allow":["GET"]}}],"collection":[{"href":"https:\/\/www.europesays.com\/pt\/wp-json\/wp\/v2\/posts"}],"about":[{"href":"https:\/\/www.europesays.com\/pt\/wp-json\/wp\/v2\/types\/post"}],"author":[{"embeddable":true,"href":"https:\/\/www.europesays.com\/pt\/wp-json\/wp\/v2\/users\/2"}],"replies":[{"embeddable":true,"href":"https:\/\/www.europesays.com\/pt\/wp-json\/wp\/v2\/comments?post=38082"}],"version-history":[{"count":0,"href":"https:\/\/www.europesays.com\/pt\/wp-json\/wp\/v2\/posts\/38082\/revisions"}],"wp:featuredmedia":[{"embeddable":true,"href":"https:\/\/www.europesays.com\/pt\/wp-json\/wp\/v2\/media\/38083"}],"wp:attachment":[{"href":"https:\/\/www.europesays.com\/pt\/wp-json\/wp\/v2\/media?parent=38082"}],"wp:term":[{"taxonomy":"category","embeddable":true,"href":"https:\/\/www.europesays.com\/pt\/wp-json\/wp\/v2\/categories?post=38082"},{"taxonomy":"post_tag","embeddable":true,"href":"https:\/\/www.europesays.com\/pt\/wp-json\/wp\/v2\/tags?post=38082"}],"curies":[{"name":"wp","href":"https:\/\/api.w.org\/{rel}","templated":true}]}}