{"id":38093,"date":"2025-08-21T00:41:08","date_gmt":"2025-08-21T00:41:08","guid":{"rendered":"https:\/\/www.europesays.com\/pt\/38093\/"},"modified":"2025-08-21T00:41:08","modified_gmt":"2025-08-21T00:41:08","slug":"o-erro-online-de-zak-starkey-que-levou-a-demissao-do-the-who-segundo-pete-townshend","status":"publish","type":"post","link":"https:\/\/www.europesays.com\/pt\/38093\/","title":{"rendered":"O erro online de Zak Starkey que levou \u00e0 demiss\u00e3o do The Who, segundo Pete Townshend"},"content":{"rendered":"\n<p>Ap\u00f3s ser demitido pela primeira vez do <strong><a href=\"https:\/\/igormiranda.com.br\/tag\/the-who\/\" target=\"_blank\" rel=\"noreferrer noopener nofollow\">The Who<\/a><\/strong>, em abril, <strong><a href=\"https:\/\/igormiranda.com.br\/tag\/zak-starkey\/\" target=\"_blank\" rel=\"noreferrer noopener nofollow\">Zak Starkey<\/a><\/strong> n\u00e3o poupou indiretas para <strong><a href=\"https:\/\/igormiranda.com.br\/tag\/roger-daltrey\/\" target=\"_blank\" rel=\"noreferrer noopener nofollow\">Roger Daltrey<\/a><\/strong>. O baterista ironizou o comportamento do vocalista, que teria sido respons\u00e1vel por sua sa\u00edda, e <a href=\"https:\/\/igormiranda.com.br\/2025\/08\/roger-daltrey-acusa-zak-starkey-tentar-acabar-reputacao\/\" target=\"_blank\" rel=\"noreferrer noopener nofollow\">repetiu as declara\u00e7\u00f5es<\/a> quando acabou dispensado novamente \u2014 e em definitivo \u2014 novamente no m\u00eas seguinte.\u00a0<\/p>\n<p>De in\u00edcio, circulava o boato de que a motiva\u00e7\u00e3o teria sido um desempenho aqu\u00e9m do esperado do m\u00fasico nas apresenta\u00e7\u00f5es realizadas no Royal Albert Hall, em Londres, na Inglaterra, no fim de mar\u00e7o. <a href=\"https:\/\/igormiranda.com.br\/2025\/04\/zak-starkey-fora-the-who\/\" rel=\"nofollow noopener\" target=\"_blank\">Segundo uma fonte ao The Mirror<\/a>, a situa\u00e7\u00e3o nos bastidores teria sido \u201cum pouco tensa, para dizer o m\u00ednimo\u201d.<\/p>\n<p>&#8211; Advertisement &#8211;<\/p>\n<p><a href=\"https:\/\/igormiranda.com.br\/2025\/04\/zak-starkey-video-musica-fez-ser-demitido-the-who\/\" rel=\"nofollow noopener\" target=\"_blank\">Um v\u00eddeo da performance<\/a> de <strong>\u201cThe Song is Over\u201d<\/strong> mostrava o cantor irritado por n\u00e3o conseguir ouvir o tom em seu retorno por causa da bateria \u2014 fato que Zak <a href=\"https:\/\/igormiranda.com.br\/2025\/04\/zak-starkey-debocha-roger-daltrey-demissao-the-who\/\" rel=\"nofollow noopener\" target=\"_blank\">ironizou nas redes sociais<\/a> por mais de uma vez.\u00a0<\/p>\n<p>As postagens foram justamente o maior problema, de acordo com <strong><a href=\"https:\/\/igormiranda.com.br\/tag\/pete-townshend\/\" target=\"_blank\" rel=\"noreferrer noopener nofollow\">Pete Townshend<\/a><\/strong>. Ao site da <a href=\"https:\/\/www.aarp.org\/entertainment\/music\/the-who-pete-townshend-tells-all.html\" target=\"_blank\" rel=\"noreferrer noopener nofollow\">organiza\u00e7\u00e3o AARP<\/a>, o guitarrista explicou que o companheiro de banda n\u00e3o gostou da maneira como o baterista resolveu reagir \u00e0 situa\u00e7\u00e3o online:\u00a0<\/p>\n<p>\u201cUma das dificuldades que Roger teve foi que [Zak] foi direto para o Instagram e come\u00e7ou a falar, defendendo sua posi\u00e7\u00e3o de uma forma atrevista e descontra\u00edda, o que n\u00e3o condizia com a seriedade do que realmente aconteceu. [\u2026] A forma como [Zak] lidou com isso foi, digamos, bem-humorada, mas voc\u00ea sabe como Roger \u00e9.\u201d<\/p>\n<p>Al\u00e9m disso, Pete mant\u00e9m a posi\u00e7\u00e3o de que, durante a mencionada apresenta\u00e7\u00e3o de \u201cThe Song is Over\u201d, Roger n\u00e3o estava irritado com o filho de <strong>Ringo Starr<\/strong> e sim com um problema t\u00e9cnico \u2014 por mais que as imagens pare\u00e7am mostrar outra coisa. Ele afirma:<\/p>\n<p>\u201cRoger tinha nos pedido para ensaiar \u2018The Song is Over\u2019, porque esse era o nome da turn\u00ea. Reduzimos a m\u00fasica para tr\u00eas minutos e meio. E, mais ou menos na metade, pareceu que Roger se perdeu completamente. Ele parou, reclamou, falou com o pr\u00f3prio engenheiro de som e come\u00e7ou a se irritar. \u00c0 primeira vista, parecia que ele estava descontando em Zak, mas n\u00e3o era o caso. Isso acabou virando assunto entre os f\u00e3s e ficou a impress\u00e3o de que Roger havia cometido um erro, quando na verdade aconteceu um problema t\u00e9cnico.\u201d<\/p>\n<p><a href=\"https:\/\/igormiranda.com.br\/2025\/05\/the-who-zak-starkey-por-que-demitiu-quem-substitui\/\" rel=\"nofollow noopener\" target=\"_blank\">Uma nota\u00a0<\/a>assinada pelo The Who afirmou que, diante da turn\u00ea de despedida\u00a0<strong>\u201cThe Song is Over \u2013 The North American Farewell Tour\u201d<\/strong>\u00a0e do desejo de aposentadoria para um futuro pr\u00f3ximo, a melhor solu\u00e7\u00e3o era dispensar Zak, que \u201ctem um grande futuro pela frente com sua nova banda e outros projetos empolgantes\u201d.\u00a0<strong>Scott Devours<\/strong>, que j\u00e1 trabalhou com os membros, entrou em substitui\u00e7\u00e3o.<\/p>\n<p> As postagens de Zak Starkey  <\/p>\n<p>Primeiramente, num post j\u00e1 exclu\u00eddo e anterior \u00e0 toda confus\u00e3o, Zak Starkey havia abordado a vindoura demiss\u00e3o p\u00fablica de maneira sarc\u00e1stica. Em uma imagem ao lado de Daltrey, conforme a\u00a0<a href=\"https:\/\/www.billboard.com\/music\/rock\/zak-starkey-breaks-silence-firing-the-who-surprised-saddened-1235948756\/\" target=\"_blank\" rel=\"noreferrer noopener nofollow\">Billboard<\/a>, ele havia falado em trecho da legenda:<\/p>\n<p>\u201cOuvi hoje de uma fonte interna que Toger Daktrey [sic], vocalista e principal compositor da banda, est\u00e1 insatisfeito com a performance de Zak, o baterista, no Royal Albert Hall algumas semanas atr\u00e1s. Ele est\u00e1 apresentando acusa\u00e7\u00f5es formais de que o baterista tocou demais e est\u00e1 literalmente indo at\u00e9 Zak para substitu\u00ed-lo por um reserva do grupo Burwash Carwash Skiffle \u2018n\u2019 Tickle Glee Club Harmony Without Empathy Allstars.\u201d<\/p>\n<p>Depois, numa outra <a href=\"https:\/\/www.instagram.com\/p\/DIj3a3iME_Z\/\" target=\"_blank\" rel=\"noreferrer noopener nofollow\">postagem nas redes sociais<\/a>, o baterista publicou o que parece ser uma vers\u00e3o distorcida do logo do The Who e escreveu em tom ir\u00f4nico:\u00a0<\/p>\n<p>\u201cMe desculpa, Rog. Errei umas batidas. Prometo acertar na pr\u00f3xima, se der. Foi mal\u2026 Com amor, Zakx.\u201d<\/p>\n<p> A opini\u00e3o de Roger Daltrey  <\/p>\n<p>Para Roger Daltrey, o comportamento de Zak Starkey diante da demiss\u00e3o passou dos limites e quis \u201cassassinar\u201d sua reputa\u00e7\u00e3o.\u00a0O assunto surgiu em recente entrevista ao jornal The Times, repercutida pela\u00a0<a href=\"https:\/\/ultimateclassicrock.com\/roger-daltrey-accuses-zak-starkey-of-character-assasination\/\" target=\"_blank\" rel=\"noreferrer noopener nofollow\">Ultimate Classic Rock<\/a>.\u00a0<\/p>\n<p>Segundo o vocalista, nunca houve uma briga com o baterista em cima do palco. Descrevendo os contratempos t\u00e9cnicos com o baterista como \u201cpilotar um avi\u00e3o sem ver o horizonte\u201d, ele explicou:<\/p>\n<p>\u201c[O som] era controlado por um cara na lateral e havia tanto subgrave no som da bateria que eu n\u00e3o conseguia manter minha voz afinada. Eu estava apontando para o bumbo e gritando com [Starkey] porque era como pilotar um avi\u00e3o sem ver o horizonte. Quando o Zak achou que eu estava brigando com ele, n\u00e3o era isso. Foi s\u00f3 isso que aconteceu.\u201d<\/p>\n<p>Em seguida, Daltrey deixou claro que n\u00e3o gostou da repercuss\u00e3o que Zak deu ao ocorrido e que, no fim das contas, quem manda na banda s\u00e3o ele e o guitarrista Pete Townshend:\u00a0<\/p>\n<p>\u201cFoi praticamente um assassinato de reputa\u00e7\u00e3o e foi extremamente perturbador. Pete e eu mantemos o direito de ser o The Who. Todos os outros s\u00e3o m\u00fasicos de apoio.\u201d<\/p>\n<p><strong>Clique<\/strong> para seguir IgorMiranda.com.br no: <a href=\"https:\/\/instagram.com\/igormirandasite\" target=\"_blank\" rel=\"noreferrer noopener nofollow\">Instagram<\/a> | <a href=\"https:\/\/bsky.app\/profile\/igormirandasite.bsky.social\" target=\"_blank\" rel=\"noreferrer noopener nofollow\">Bluesky<\/a> | <a href=\"https:\/\/twitter.com\/igormirandasite\" target=\"_blank\" rel=\"noreferrer noopener nofollow\">Twitter<\/a> | <a href=\"https:\/\/tiktok.com\/@igormirandasite\" target=\"_blank\" rel=\"noreferrer noopener nofollow\">TikTok<\/a> | <a href=\"https:\/\/facebook.com\/igormirandasite\" target=\"_blank\" rel=\"noreferrer noopener nofollow\">Facebook<\/a> | <a href=\"https:\/\/www.youtube.com\/igormirandasite\" target=\"_blank\" rel=\"noreferrer noopener nofollow\">YouTube<\/a> | <a href=\"https:\/\/www.threads.net\/@igormirandasite\" target=\"_blank\" rel=\"noreferrer noopener nofollow\">Threads<\/a>.<\/p>\n<p> <script async src=\"https:\/\/platform.twitter.com\/widgets.js\" charset=\"utf-8\"><\/script><script async src=\"\/\/www.instagram.com\/embed.js\"><\/script><script async src=\"\/\/www.tiktok.com\/embed.js\"><\/script><\/p>\n","protected":false},"excerpt":{"rendered":"Ap\u00f3s ser demitido pela primeira vez do The Who, em abril, Zak Starkey n\u00e3o poupou indiretas para Roger&hellip;\n","protected":false},"author":2,"featured_media":38094,"comment_status":"","ping_status":"","sticky":false,"template":"","format":"standard","meta":{"footnotes":""},"categories":[141],"tags":[114,115,149,150,11761,32,33,6252,6253,6254],"class_list":{"0":"post-38093","1":"post","2":"type-post","3":"status-publish","4":"format-standard","5":"has-post-thumbnail","7":"category-musica","8":"tag-entertainment","9":"tag-entretenimento","10":"tag-music","11":"tag-musica","12":"tag-pete-townshend","13":"tag-portugal","14":"tag-pt","15":"tag-roger-daltrey","16":"tag-the-who","17":"tag-zak-starkey"},"share_on_mastodon":{"url":"","error":""},"_links":{"self":[{"href":"https:\/\/www.europesays.com\/pt\/wp-json\/wp\/v2\/posts\/38093","targetHints":{"allow":["GET"]}}],"collection":[{"href":"https:\/\/www.europesays.com\/pt\/wp-json\/wp\/v2\/posts"}],"about":[{"href":"https:\/\/www.europesays.com\/pt\/wp-json\/wp\/v2\/types\/post"}],"author":[{"embeddable":true,"href":"https:\/\/www.europesays.com\/pt\/wp-json\/wp\/v2\/users\/2"}],"replies":[{"embeddable":true,"href":"https:\/\/www.europesays.com\/pt\/wp-json\/wp\/v2\/comments?post=38093"}],"version-history":[{"count":0,"href":"https:\/\/www.europesays.com\/pt\/wp-json\/wp\/v2\/posts\/38093\/revisions"}],"wp:featuredmedia":[{"embeddable":true,"href":"https:\/\/www.europesays.com\/pt\/wp-json\/wp\/v2\/media\/38094"}],"wp:attachment":[{"href":"https:\/\/www.europesays.com\/pt\/wp-json\/wp\/v2\/media?parent=38093"}],"wp:term":[{"taxonomy":"category","embeddable":true,"href":"https:\/\/www.europesays.com\/pt\/wp-json\/wp\/v2\/categories?post=38093"},{"taxonomy":"post_tag","embeddable":true,"href":"https:\/\/www.europesays.com\/pt\/wp-json\/wp\/v2\/tags?post=38093"}],"curies":[{"name":"wp","href":"https:\/\/api.w.org\/{rel}","templated":true}]}}