{"id":38117,"date":"2025-08-21T01:03:16","date_gmt":"2025-08-21T01:03:16","guid":{"rendered":"https:\/\/www.europesays.com\/pt\/38117\/"},"modified":"2025-08-21T01:03:16","modified_gmt":"2025-08-21T01:03:16","slug":"autarquicas-abrem-guerra-no-psd-lisboa-ha-ameacas-de-queixas-crime-contra-luis-newton-lider-da-concelhia-acusado-no-processo-tutti-frutti","status":"publish","type":"post","link":"https:\/\/www.europesays.com\/pt\/38117\/","title":{"rendered":"Aut\u00e1rquicas abrem guerra no PSD\/Lisboa: h\u00e1 amea\u00e7as de queixas-crime contra Lu\u00eds Newton, l\u00edder da concelhia acusado no processo Tutti-Frutti"},"content":{"rendered":"<p><strong>Lu\u00eds Newton<\/strong>, o l\u00edder da sec\u00e7\u00e3o concelhia do PSD\/Lisboa, que se manteve no cargo e na presid\u00eancia da Junta de Freguesia da Estrela, mesmo depois de ser <strong>acusado de dez crimes no processo Tutti-Frutti &#8211; cinco de prevarica\u00e7\u00e3o e outros tantos de corrup\u00e7\u00e3o<\/strong> &#8211; <a href=\"https:\/\/expresso.pt\/politica\/eleicoes\/autarquicas-2025\/2025-08-03-luis-newton-acusado-no-processo-tutti-frutti-mantem-influencia-nas-juntas-de-lisboa-moedas-ja-vetou-um-nome-8ce8d407\" rel=\"nofollow noopener\" target=\"_blank\">aumentou a sua influ\u00eancia nas listas<\/a> para as pr\u00f3ximas aut\u00e1rquicas, apesar de a sede nacional ter garantido que ia avocar o processo para evitar esta contamina\u00e7\u00e3o. O aparelho social-democrata est\u00e1 outra vez mergulhado numa guerra interna, por causa das listas \u00e0s juntas de freguesia, que na capital abrangem popula\u00e7\u00e3o e or\u00e7amentos superiores a muitos concelhos. Com as listas aprovadas numa reuni\u00e3o de sec\u00e7\u00e3o, <a href=\"https:\/\/expresso.pt\/politica\/eleicoes\/autarquicas-2025\/2025-08-16-dirigente-do-psd-acusado-no-processo-tutti-frutti-convoca-reuniao-para-aprovar-listas-para-lisboa--das-quais-tinha-sido-afastado--95148fbf\" target=\"_blank\" rel=\"noopener noreferrer nofollow\">convocada<\/a> pelo dirigente concelhio, mas em que, segundo relatos feitos ao Expresso, alguns participantes nem perceberam bem quem eram os candidatos apresentados, j\u00e1 h\u00e1 amea\u00e7as de queixas-crime por abuso de confian\u00e7a, por Newton alegadamente n\u00e3o ter respeitado os termos de aceita\u00e7\u00e3o assinados por pessoas que entraram nas listas.<\/p>\n<p><a href=\"https:\/\/expresso.pt\/promo\/data\/content\/binaries\/custom\/expresso\/digital\/COGB6.html?returnUrl=https:\/\/expresso.pt\/politica\/eleicoes\/autarquicas-2025\/2025-08-20-autarquicas-abrem-guerra-no-psd-lisboa-ha-ameacas-de-queixas-crime-contra-luis-newton-lider-da-concelhia-acusado-no-processo-tutti-frutti-025aa016&amp;utm_source=expresso&amp;utm_medium=locked_article&amp;locked=true&amp;article_id=7d214777-fa4e-4082-abfa-d8654aff3ac7&amp;author_id=V\u00edtor+Matos&amp;category=Aut\u00e1rquicas+2025\" target=\"_self\" class=\"\" rel=\"nofollow noopener\">Subscrever<\/a>J\u00e1 \u00e9 Subscritor?Fa\u00e7a login e continue a ler<a href=\"http:\/\/expresso.pt\/codigo?redirectUrl=https:\/\/expresso.pt\/politica\/eleicoes\/autarquicas-2025\/2025-08-20-autarquicas-abrem-guerra-no-psd-lisboa-ha-ameacas-de-queixas-crime-contra-luis-newton-lider-da-concelhia-acusado-no-processo-tutti-frutti-025aa016\" target=\"_self\" class=\"\" rel=\"nofollow noopener\">Inserir C\u00f3digo<\/a>Comprou o Expresso?Insira o c\u00f3digo presente na Revista E para continuar a ler<\/p>\n","protected":false},"excerpt":{"rendered":"Lu\u00eds Newton, o l\u00edder da sec\u00e7\u00e3o concelhia do PSD\/Lisboa, que se manteve no cargo e na presid\u00eancia da&hellip;\n","protected":false},"author":2,"featured_media":38118,"comment_status":"","ping_status":"","sticky":false,"template":"","format":"standard","meta":{"footnotes":""},"categories":[10],"tags":[27,28,15,16,14,25,26,21,22,12,13,19,20,32,23,24,33,17,18,29,30,31],"class_list":{"0":"post-38117","1":"post","2":"type-post","3":"status-publish","4":"format-standard","5":"has-post-thumbnail","7":"category-portugal","8":"tag-breaking-news","9":"tag-breakingnews","10":"tag-featured-news","11":"tag-featurednews","12":"tag-headlines","13":"tag-latest-news","14":"tag-latestnews","15":"tag-main-news","16":"tag-mainnews","17":"tag-news","18":"tag-noticias","19":"tag-noticias-principais","20":"tag-noticiasprincipais","21":"tag-portugal","22":"tag-principais-noticias","23":"tag-principaisnoticias","24":"tag-pt","25":"tag-top-stories","26":"tag-topstories","27":"tag-ultimas","28":"tag-ultimas-noticias","29":"tag-ultimasnoticias"},"share_on_mastodon":{"url":"","error":""},"_links":{"self":[{"href":"https:\/\/www.europesays.com\/pt\/wp-json\/wp\/v2\/posts\/38117","targetHints":{"allow":["GET"]}}],"collection":[{"href":"https:\/\/www.europesays.com\/pt\/wp-json\/wp\/v2\/posts"}],"about":[{"href":"https:\/\/www.europesays.com\/pt\/wp-json\/wp\/v2\/types\/post"}],"author":[{"embeddable":true,"href":"https:\/\/www.europesays.com\/pt\/wp-json\/wp\/v2\/users\/2"}],"replies":[{"embeddable":true,"href":"https:\/\/www.europesays.com\/pt\/wp-json\/wp\/v2\/comments?post=38117"}],"version-history":[{"count":0,"href":"https:\/\/www.europesays.com\/pt\/wp-json\/wp\/v2\/posts\/38117\/revisions"}],"wp:featuredmedia":[{"embeddable":true,"href":"https:\/\/www.europesays.com\/pt\/wp-json\/wp\/v2\/media\/38118"}],"wp:attachment":[{"href":"https:\/\/www.europesays.com\/pt\/wp-json\/wp\/v2\/media?parent=38117"}],"wp:term":[{"taxonomy":"category","embeddable":true,"href":"https:\/\/www.europesays.com\/pt\/wp-json\/wp\/v2\/categories?post=38117"},{"taxonomy":"post_tag","embeddable":true,"href":"https:\/\/www.europesays.com\/pt\/wp-json\/wp\/v2\/tags?post=38117"}],"curies":[{"name":"wp","href":"https:\/\/api.w.org\/{rel}","templated":true}]}}