{"id":38193,"date":"2025-08-21T02:31:20","date_gmt":"2025-08-21T02:31:20","guid":{"rendered":"https:\/\/www.europesays.com\/pt\/38193\/"},"modified":"2025-08-21T02:31:20","modified_gmt":"2025-08-21T02:31:20","slug":"israel-aprova-plano-militar-para-ocupar-gaza-vao-convocar-60-mil-soldados-na-reserva-em-duas-semanas-e-retirar-toda-a-populacao-da-cidade","status":"publish","type":"post","link":"https:\/\/www.europesays.com\/pt\/38193\/","title":{"rendered":"Israel aprova plano militar para ocupar Gaza: v\u00e3o convocar 60 mil soldados na reserva em duas semanas e retirar toda a popula\u00e7\u00e3o da cidade"},"content":{"rendered":"<p>O ministro da Defesa israelita, Israel Katz, aprovou esta quarta-feira os planos do Ex\u00e9rcito israelita para ocupar a cidade de Gaza, que incluem a convoca\u00e7\u00e3o de dezenas de milhares de soldados da reserva, avan\u00e7a a imprensa local.<\/p>\n<p>De acordo com o jornal israelita Maariv, mais de 60.000 reservistas receber\u00e3o hoje ordens para se apresentarem nas pr\u00f3ximas duas semanas, enquanto outros 70.000 dever\u00e3o prolongar o servi\u00e7o atual por mais 30 ou 40 dias.<\/p>\n<p>O plano tamb\u00e9m prev\u00ea a retirada de toda a popula\u00e7\u00e3o da cidade de Gaza, estimada em cerca de um milh\u00e3o de pessoas, muitas delas deslocadas de outros locais da Faixa de Gaza.<\/p>\n<p>Israel, por enquanto, n\u00e3o se pronunciou sobre a \u00faltima proposta de cessar-fogo, que grupo isl\u00e2mico Hamas aprovou h\u00e1 dois dias, proposta pela media\u00e7\u00e3o do Egito e do Catar.<\/p>\n<p>H\u00e1 quase duas semanas, o governo israelita aprovou o plano do primeiro-ministro, Benjamin Netanyahu, de estender a ofensiva \u00e0 cidade de Gaza, apesar da oposi\u00e7\u00e3o do pr\u00f3prio ex\u00e9rcito israelita, que teme colocar em risco os ref\u00e9ns que continuam sequestrados no enclave.<\/p>\n<p>As fam\u00edlias dos sequestrados, por sua vez, t\u00eam-se manifestando desde ent\u00e3o para exigir um acordo integral com o Hamas que ponha fim \u00e0 guerra e liberte cerca de 50 ref\u00e9ns que continuam na Faixa, dos quais Israel estima que pelo menos 20 ainda estejam vivos.<\/p>\n","protected":false},"excerpt":{"rendered":"O ministro da Defesa israelita, Israel Katz, aprovou esta quarta-feira os planos do Ex\u00e9rcito israelita para ocupar a&hellip;\n","protected":false},"author":2,"featured_media":38194,"comment_status":"","ping_status":"","sticky":false,"template":"","format":"standard","meta":{"footnotes":""},"categories":[50],"tags":[27,28,15,16,14,25,26,21,22,62,12,13,19,20,23,24,17,18,29,30,31,63,64,65],"class_list":{"0":"post-38193","1":"post","2":"type-post","3":"status-publish","4":"format-standard","5":"has-post-thumbnail","7":"category-mundo","8":"tag-breaking-news","9":"tag-breakingnews","10":"tag-featured-news","11":"tag-featurednews","12":"tag-headlines","13":"tag-latest-news","14":"tag-latestnews","15":"tag-main-news","16":"tag-mainnews","17":"tag-mundo","18":"tag-news","19":"tag-noticias","20":"tag-noticias-principais","21":"tag-noticiasprincipais","22":"tag-principais-noticias","23":"tag-principaisnoticias","24":"tag-top-stories","25":"tag-topstories","26":"tag-ultimas","27":"tag-ultimas-noticias","28":"tag-ultimasnoticias","29":"tag-world","30":"tag-world-news","31":"tag-worldnews"},"share_on_mastodon":{"url":"","error":""},"_links":{"self":[{"href":"https:\/\/www.europesays.com\/pt\/wp-json\/wp\/v2\/posts\/38193","targetHints":{"allow":["GET"]}}],"collection":[{"href":"https:\/\/www.europesays.com\/pt\/wp-json\/wp\/v2\/posts"}],"about":[{"href":"https:\/\/www.europesays.com\/pt\/wp-json\/wp\/v2\/types\/post"}],"author":[{"embeddable":true,"href":"https:\/\/www.europesays.com\/pt\/wp-json\/wp\/v2\/users\/2"}],"replies":[{"embeddable":true,"href":"https:\/\/www.europesays.com\/pt\/wp-json\/wp\/v2\/comments?post=38193"}],"version-history":[{"count":0,"href":"https:\/\/www.europesays.com\/pt\/wp-json\/wp\/v2\/posts\/38193\/revisions"}],"wp:featuredmedia":[{"embeddable":true,"href":"https:\/\/www.europesays.com\/pt\/wp-json\/wp\/v2\/media\/38194"}],"wp:attachment":[{"href":"https:\/\/www.europesays.com\/pt\/wp-json\/wp\/v2\/media?parent=38193"}],"wp:term":[{"taxonomy":"category","embeddable":true,"href":"https:\/\/www.europesays.com\/pt\/wp-json\/wp\/v2\/categories?post=38193"},{"taxonomy":"post_tag","embeddable":true,"href":"https:\/\/www.europesays.com\/pt\/wp-json\/wp\/v2\/tags?post=38193"}],"curies":[{"name":"wp","href":"https:\/\/api.w.org\/{rel}","templated":true}]}}