{"id":38226,"date":"2025-08-21T03:07:12","date_gmt":"2025-08-21T03:07:12","guid":{"rendered":"https:\/\/www.europesays.com\/pt\/38226\/"},"modified":"2025-08-21T03:07:12","modified_gmt":"2025-08-21T03:07:12","slug":"hbo-divulga-atores-que-farao-os-weasley-em-harry-potter-19-08-2025-ilustrada","status":"publish","type":"post","link":"https:\/\/www.europesays.com\/pt\/38226\/","title":{"rendered":"HBO divulga atores que far\u00e3o os Weasley em &#8216;Harry Potter&#8217; &#8211; 19\/08\/2025 &#8211; Ilustrada"},"content":{"rendered":"<p>HBO revelou os atores que interpretar\u00e3o os irm\u00e3os de Rony Weasley na <a href=\"https:\/\/www1.folha.uol.com.br\/ilustrada\/2025\/05\/serie-harry-potter-anuncia-quem-fara-trio-principal-veja-foto.shtml\" rel=\"nofollow noopener\" target=\"\">nova s\u00e9rie de &#8220;Harry Potter&#8221; <\/a>\u2014Fred, Jorge, Percy e Gina.<\/p>\n<p>&#8220;A Toca est\u00e1 quase cheia&#8221;, escreveu a HBO em suas redes, em refer\u00eancia a como a resid\u00eancia da fam\u00edlia de bruxos ruivos \u00e9 conhecida na saga.<\/p>\n<p>Tristan Harland ser\u00e1 Fred Weasley, Gabriel Harland ser\u00e1 Jorge Weasley, Ruari Spooner ser\u00e1 Percy Weasley e Gracie Cochrane ser\u00e1 Gina Weasley.<\/p>\n<p>Os int\u00e9rpretes de Harry e seus melhores amigos, Rony Weasley e Hermione Granger, foram anunciados em maio. Atores de renome tamb\u00e9m participar\u00e3o da produ\u00e7\u00e3o, como <a href=\"https:\/\/www1.folha.uol.com.br\/ilustrada\/2025\/02\/john-lithgow-confirma-que-vivera-alvo-dumbledore-na-serie-de-harry-potter.shtml\" rel=\"nofollow noopener\" target=\"_blank\">John Lithgow<\/a>, de &#8220;<a href=\"https:\/\/f5.folha.uol.com.br\/cinema-e-series\/2025\/04\/filme-sobre-a-escolha-de-novo-papa-conclave-lidera-audiencia-no-streaming.shtml\" rel=\"nofollow noopener\" target=\"_blank\">Conclave<\/a>&#8220;, e <a href=\"https:\/\/www1.folha.uol.com.br\/ilustrada\/2025\/04\/quem-e-paapa-essiedu-que-sera-severo-snape-na-nova-serie-de-harry-potter.shtml\" rel=\"nofollow noopener\" target=\"_blank\">Paapa Essiedu<\/a>, de &#8220;<a href=\"https:\/\/www1.folha.uol.com.br\/colunas\/mauriciostycer\/2020\/07\/com-protagonistas-negros-e-millennials-i-may-destroy-you-e-serie-do-ano.shtml\" rel=\"nofollow noopener\" target=\"_blank\">I May Destroy You<\/a>&#8220;.<\/p>\n<p>A nova s\u00e9rie da <a href=\"https:\/\/f5.folha.uol.com.br\/colunistas\/outro-canal\/2025\/05\/warner-muda-de-ideia-apos-um-ano-e-streaming-max-voltara-a-se-chamar-hbo-max.shtml\" rel=\"nofollow noopener\" target=\"_blank\">HBO <\/a>baseada na saga &#8220;<a href=\"https:\/\/www1.folha.uol.com.br\/folha-topicos\/harry-potter\/\" rel=\"nofollow noopener\" target=\"_blank\">Harry Potter<\/a>&#8221; divulgou sua primeira imagem nem julho. Na fotografia divulgada, o ator <a href=\"https:\/\/www1.folha.uol.com.br\/ilustrada\/2025\/05\/serie-harry-potter-anuncia-quem-fara-trio-principal-veja-foto.shtml\" rel=\"nofollow noopener\" target=\"_blank\">Dominic McLaughlin<\/a>, que far\u00e1 o personagem-t\u00edtulo, aparece caracterizado \u2014ele usa o uniforme de Hogwarts, porta os cl\u00e1ssicos \u00f3culos redondos do protagonista e tem sua cicatriz em formato de raio na testa.<\/p>\n<p>A produ\u00e7\u00e3o j\u00e1 come\u00e7ou na Warner, e a s\u00e9rie est\u00e1 prevista para estrear em 2027. Novos membros do elenco tamb\u00e9m foram anunciados. Neville Longbottom, amigo do trio principal, ser\u00e1 interpretado por Rory Wilmot, enquanto o primo de Harry, Duda Dursley, ser\u00e1 Amos Kitson. O papel da instrutora de voo de Hogwarts, Madame Hooch, ser\u00e1 de Louise Brealey, atriz de &#8220;<a href=\"https:\/\/f5.folha.uol.com.br\/televisao\/2015\/04\/1610906-sherlock-holmes-nao-e-gay-nem-heterossexual-diz-criador-de-sherlock.shtml\" rel=\"nofollow noopener\" target=\"_blank\">Sherlock<\/a>&#8220;. Anton Lesser, de &#8220;<a href=\"https:\/\/www1.folha.uol.com.br\/blogs\/novo-em-folha\/2024\/08\/como-game-of-thrones-dominou-as-principais-empresas-de-midia-dos-eua.shtml\" rel=\"nofollow noopener\" target=\"_blank\">Game of Thrones<\/a>&#8220;, interpretar\u00e1 Garrick Ollivander, vendedor de varinhas m\u00e1gicas.<\/p>\n","protected":false},"excerpt":{"rendered":"HBO revelou os atores que interpretar\u00e3o os irm\u00e3os de Rony Weasley na nova s\u00e9rie de &#8220;Harry Potter&#8221; \u2014Fred,&hellip;\n","protected":false},"author":2,"featured_media":38227,"comment_status":"","ping_status":"","sticky":false,"template":"","format":"standard","meta":{"footnotes":""},"categories":[140],"tags":[114,115,147,148,236,700,1626,146,32,33,218],"class_list":{"0":"post-38226","1":"post","2":"type-post","3":"status-publish","4":"format-standard","5":"has-post-thumbnail","7":"category-filmes","8":"tag-entertainment","9":"tag-entretenimento","10":"tag-film","11":"tag-filmes","12":"tag-folha","13":"tag-harry-potter","14":"tag-hbo","15":"tag-movies","16":"tag-portugal","17":"tag-pt","18":"tag-televisao"},"share_on_mastodon":{"url":"","error":""},"_links":{"self":[{"href":"https:\/\/www.europesays.com\/pt\/wp-json\/wp\/v2\/posts\/38226","targetHints":{"allow":["GET"]}}],"collection":[{"href":"https:\/\/www.europesays.com\/pt\/wp-json\/wp\/v2\/posts"}],"about":[{"href":"https:\/\/www.europesays.com\/pt\/wp-json\/wp\/v2\/types\/post"}],"author":[{"embeddable":true,"href":"https:\/\/www.europesays.com\/pt\/wp-json\/wp\/v2\/users\/2"}],"replies":[{"embeddable":true,"href":"https:\/\/www.europesays.com\/pt\/wp-json\/wp\/v2\/comments?post=38226"}],"version-history":[{"count":0,"href":"https:\/\/www.europesays.com\/pt\/wp-json\/wp\/v2\/posts\/38226\/revisions"}],"wp:featuredmedia":[{"embeddable":true,"href":"https:\/\/www.europesays.com\/pt\/wp-json\/wp\/v2\/media\/38227"}],"wp:attachment":[{"href":"https:\/\/www.europesays.com\/pt\/wp-json\/wp\/v2\/media?parent=38226"}],"wp:term":[{"taxonomy":"category","embeddable":true,"href":"https:\/\/www.europesays.com\/pt\/wp-json\/wp\/v2\/categories?post=38226"},{"taxonomy":"post_tag","embeddable":true,"href":"https:\/\/www.europesays.com\/pt\/wp-json\/wp\/v2\/tags?post=38226"}],"curies":[{"name":"wp","href":"https:\/\/api.w.org\/{rel}","templated":true}]}}