{"id":38230,"date":"2025-08-21T03:10:14","date_gmt":"2025-08-21T03:10:14","guid":{"rendered":"https:\/\/www.europesays.com\/pt\/38230\/"},"modified":"2025-08-21T03:10:14","modified_gmt":"2025-08-21T03:10:14","slug":"deixaste-de-ser-o-que-eras-desde-que-deixaste-as-drogas-agir-reage-a-critica-de-seguidor","status":"publish","type":"post","link":"https:\/\/www.europesays.com\/pt\/38230\/","title":{"rendered":"&#8220;Deixaste de ser o que eras desde que deixaste as drogas&#8221;: Agir reage a cr\u00edtica de seguidor!"},"content":{"rendered":"<p>No Instagram, <a href=\"https:\/\/selfie.iol.pt\/famosos\/agir\/agir-volta-a-dar-concertos-apos-paragem-por-motivos-pessoais-fiquei-mesmo-muito-feliz\/20250714\/687516e1d34ef72ee4484e34\" target=\"_blank\" rel=\"nofollow noopener\">Agir<\/a> mostrou uma mensagem que recebeu de um internauta:\u00a0&#8220;E mesmo assim ainda acho que est\u00e1 overrated pois n\u00e3o presta&#8230; Deixaste de ser o que eras desde que deixaste as drogas, pelos vistos as drogas a ti faziam-te bem&#8230; Cantavas melhor na altura, agora at\u00e9 a Maria Leal parece estar melhor.&#8221;<\/p>\n<p>Atrav\u00e9s de um v\u00eddeo, o filho do cantor Paulo de Carvalho e da atriz Helena Isabel respondeu \u00e0 cr\u00edtica. Sem dizer absolutamente nada, Agir apenas escreveu na descri\u00e7\u00e3o: &#8220;Pov: quando o teu ex dealer t\u00f3xico te manda mensagem.&#8221;<\/p>\n<p>Recorde-se que o cantor j\u00e1 assumiu ter vivido uma fase de alguns excessos no in\u00edcio da idade adulta, mas que, desde os 20 anos, n\u00e3o toca &#8220;num cigarro, num copo de \u00e1lcool, numa ganza, em rigorosamente nada&#8221;.<\/p>\n<p>Veja, agora, o v\u00eddeo partilhado por <a href=\"https:\/\/selfie.iol.pt\/famosos\/catarina-gama\/de-ferias-mulher-de-agir-vive-momento-de-aflicao-percebemos-que-a-situacao-era-muito-grave\/20250817\/68a1d001d34ef72ee4498284\" target=\"_blank\" rel=\"nofollow noopener\">Agir<\/a>.<\/p>\n","protected":false},"excerpt":{"rendered":"No Instagram, Agir mostrou uma mensagem que recebeu de um internauta:\u00a0&#8220;E mesmo assim ainda acho que est\u00e1 overrated&hellip;\n","protected":false},"author":2,"featured_media":38231,"comment_status":"","ping_status":"","sticky":false,"template":"","format":"standard","meta":{"footnotes":""},"categories":[85],"tags":[11791,1710,955,152,114,115,980,1015,619,32,33,1012],"class_list":{"0":"post-38230","1":"post","2":"type-post","3":"status-publish","4":"format-standard","5":"has-post-thumbnail","7":"category-entretenimento","8":"tag-agir","9":"tag-cantor","10":"tag-critica","11":"tag-drogas","12":"tag-entertainment","13":"tag-entretenimento","14":"tag-famosos","15":"tag-instagram","16":"tag-nacional","17":"tag-portugal","18":"tag-pt","19":"tag-selfie"},"share_on_mastodon":{"url":"","error":""},"_links":{"self":[{"href":"https:\/\/www.europesays.com\/pt\/wp-json\/wp\/v2\/posts\/38230","targetHints":{"allow":["GET"]}}],"collection":[{"href":"https:\/\/www.europesays.com\/pt\/wp-json\/wp\/v2\/posts"}],"about":[{"href":"https:\/\/www.europesays.com\/pt\/wp-json\/wp\/v2\/types\/post"}],"author":[{"embeddable":true,"href":"https:\/\/www.europesays.com\/pt\/wp-json\/wp\/v2\/users\/2"}],"replies":[{"embeddable":true,"href":"https:\/\/www.europesays.com\/pt\/wp-json\/wp\/v2\/comments?post=38230"}],"version-history":[{"count":0,"href":"https:\/\/www.europesays.com\/pt\/wp-json\/wp\/v2\/posts\/38230\/revisions"}],"wp:featuredmedia":[{"embeddable":true,"href":"https:\/\/www.europesays.com\/pt\/wp-json\/wp\/v2\/media\/38231"}],"wp:attachment":[{"href":"https:\/\/www.europesays.com\/pt\/wp-json\/wp\/v2\/media?parent=38230"}],"wp:term":[{"taxonomy":"category","embeddable":true,"href":"https:\/\/www.europesays.com\/pt\/wp-json\/wp\/v2\/categories?post=38230"},{"taxonomy":"post_tag","embeddable":true,"href":"https:\/\/www.europesays.com\/pt\/wp-json\/wp\/v2\/tags?post=38230"}],"curies":[{"name":"wp","href":"https:\/\/api.w.org\/{rel}","templated":true}]}}