{"id":38269,"date":"2025-08-21T03:54:20","date_gmt":"2025-08-21T03:54:20","guid":{"rendered":"https:\/\/www.europesays.com\/pt\/38269\/"},"modified":"2025-08-21T03:54:20","modified_gmt":"2025-08-21T03:54:20","slug":"de-doidos-trocou-ferrari-f40-por-jipe-e-um-cheque","status":"publish","type":"post","link":"https:\/\/www.europesays.com\/pt\/38269\/","title":{"rendered":"De doidos? Trocou Ferrari F40 por jipe e um cheque"},"content":{"rendered":"<p>\n\tTrocar um Ferrari F40 por um Ineos Grenadier pode parecer insensato \u2014 no m\u00ednimo \u2014, mas foi exatamente isso que aconteceu na Fl\u00f3rida.\n<\/p>\n<p>O mundo autom\u00f3vel est\u00e1 cheio de hist\u00f3rias ins\u00f3litas, mas esta \u00e9 dif\u00edcil de bater. Na Fl\u00f3rida, nos Estados Unidos da Am\u00e9rica, um homem entrou num concession\u00e1rio da Ineos Automotive decidido a trocar o seu <a href=\"https:\/\/www.razaoautomovel.com\/etiqueta\/ferrari-f40\" rel=\"nofollow noopener\" target=\"_blank\">Ferrari F40<\/a> por\u2026 um <a href=\"https:\/\/www.razaoautomovel.com\/etiqueta\/ineos-grenadier\" rel=\"nofollow noopener\" target=\"_blank\">Ineos Grenadier Station Wagon<\/a> e um cheque.<\/p>\n<p>Mas continua a n\u00e3o fazer sentido nenhum trocar um dos supercarros mais desejados do mundo por um Defender dos tempos modernos. Um est\u00e1 valorizado em milh\u00f5es, o outro tem uma etiqueta de 71 mil d\u00f3lares (60 mil euros). <\/p>\n<p><img loading=\"lazy\" decoding=\"async\" width=\"925\" height=\"520\" src=\"data:image\/svg+xml,%3Csvg%20xmlns=\" http:=\"\" alt=\"Ineos Grenadier\" class=\"wp-image-330528\" data-lazy- data-lazy- data-lazy-src=\"https:\/\/www.europesays.com\/pt\/wp-content\/uploads\/2025\/08\/Ineos-Grenadier-1_925x520_acf_cropped.jpg.webp.webp\"\/>Isto ou um Ferrari F40?<\/p>\n<p>Mas foi isso mesmo que aconteceu. O vendedor come\u00e7ou por achar que era uma partida, ao estilo dos \u00abapanhados\u00bb, mas ap\u00f3s insist\u00eancia do homem (que quer manter o anonimato), o vendedor chamou o diretor do concession\u00e1rio e este n\u00e3o hesitou: \u201ctens de conseguir (o neg\u00f3cio) e despachar-te\u201d. <\/p>\n<p>George Ratcliffe, presidente das Am\u00e9ricas da Ineos Automotive, confirmou isso mesmo ao <a href=\"https:\/\/www.newsweek.com\/man-trades-rare-ferrari-ineos-station-wagon-24-million-cash-2112396\" target=\"_blank\" rel=\"noreferrer noopener nofollow\">Newsweek<\/a>, mas n\u00e3o nos esquecemos do cheque. \u00c9 o que d\u00e1 um pouco de sentido a este neg\u00f3cio.<\/p>\n<p>Al\u00e9m de levar um Ineos Grenadier novo para casa, o cliente levou tamb\u00e9m um cheque no valor de 2,4 milh\u00f5es de d\u00f3lares (pouco mais de dois milh\u00f5es de euros \u00e0 taxa de c\u00e2mbio atual) para cobrir o valor do Ferrari F40.<\/p>\n<p>O supercarro italiano n\u00e3o chegou a aquecer o lugar. No dia seguinte j\u00e1 tinha sido vendido pelo mesmo concession\u00e1rio por 2,5 milh\u00f5es de d\u00f3lares, cerca de 2,14 milh\u00f5es de euros. Em declara\u00e7\u00f5es \u00e0 <a href=\"https:\/\/www.roadandtrack.com\/news\/a65677304\/man-in-florida-swaps-ferrari-f40-for-ineos-grenadier\/\" rel=\"nofollow noopener\" target=\"_blank\">Road and Track<\/a>, o concession\u00e1rio diz que o lucro obtido com este neg\u00f3cio foi\u2026 ligeiro.<\/p>\n<p>O valor pelo qual o F40 foi vendido ficou ligeiramente abaixo da m\u00e9dia do mercado que \u00e9, atualmente, de 2,7 milh\u00f5es de d\u00f3lares (cerca de 2,31 milh\u00f5es de euros).<\/p>\n<p>Porque despachou o Ferrari F40 desta forma?<\/p>\n<p>N\u00e3o sabemos o que motivou algu\u00e9m a vender de forma ins\u00f3lita o seu Ferrari F40, mas a Newsweek avan\u00e7ou que esta pessoa vai usar o Ineos Grenadier na sua quinta. Realmente, um Ferrari F40 n\u00e3o \u00e9, de todo, a escolha ideal para utilizar em terrenos agr\u00edcolas.<\/p>\n<p>Mas quem tem um F40, certamente ter\u00e1 mais carros na garagem\u2026 ou na quinta. S\u00f3 podemos, por isso, imaginar os motivos reais por detr\u00e1s desta decis\u00e3o. E que levou a trocar um dos supercarros mais reverenciados da hist\u00f3ria por uma reinterpreta\u00e7\u00e3o moderna do tamb\u00e9m reverenciado Land Rover Defender. Ainda que por motivos distintos.<\/p>\n<p>\t\t\tSabe esta resposta?<br \/>\n\t\t\tEm que ano foi revelado o Ferrari 365 GT4 BB?<\/p>\n","protected":false},"excerpt":{"rendered":"Trocar um Ferrari F40 por um Ineos Grenadier pode parecer insensato \u2014 no m\u00ednimo \u2014, mas foi exatamente&hellip;\n","protected":false},"author":2,"featured_media":38270,"comment_status":"","ping_status":"","sticky":false,"template":"","format":"standard","meta":{"footnotes":""},"categories":[83],"tags":[88,89,90,2193,11795,11796,11797,11798,32,33],"class_list":{"0":"post-38269","1":"post","2":"type-post","3":"status-publish","4":"format-standard","5":"has-post-thumbnail","7":"category-empresas","8":"tag-business","9":"tag-economy","10":"tag-empresas","11":"tag-ferrari","12":"tag-ferrari-f40","13":"tag-ineos-automotive","14":"tag-ineos-grenadier","15":"tag-insolitos","16":"tag-portugal","17":"tag-pt"},"share_on_mastodon":{"url":"","error":""},"_links":{"self":[{"href":"https:\/\/www.europesays.com\/pt\/wp-json\/wp\/v2\/posts\/38269","targetHints":{"allow":["GET"]}}],"collection":[{"href":"https:\/\/www.europesays.com\/pt\/wp-json\/wp\/v2\/posts"}],"about":[{"href":"https:\/\/www.europesays.com\/pt\/wp-json\/wp\/v2\/types\/post"}],"author":[{"embeddable":true,"href":"https:\/\/www.europesays.com\/pt\/wp-json\/wp\/v2\/users\/2"}],"replies":[{"embeddable":true,"href":"https:\/\/www.europesays.com\/pt\/wp-json\/wp\/v2\/comments?post=38269"}],"version-history":[{"count":0,"href":"https:\/\/www.europesays.com\/pt\/wp-json\/wp\/v2\/posts\/38269\/revisions"}],"wp:featuredmedia":[{"embeddable":true,"href":"https:\/\/www.europesays.com\/pt\/wp-json\/wp\/v2\/media\/38270"}],"wp:attachment":[{"href":"https:\/\/www.europesays.com\/pt\/wp-json\/wp\/v2\/media?parent=38269"}],"wp:term":[{"taxonomy":"category","embeddable":true,"href":"https:\/\/www.europesays.com\/pt\/wp-json\/wp\/v2\/categories?post=38269"},{"taxonomy":"post_tag","embeddable":true,"href":"https:\/\/www.europesays.com\/pt\/wp-json\/wp\/v2\/tags?post=38269"}],"curies":[{"name":"wp","href":"https:\/\/api.w.org\/{rel}","templated":true}]}}