{"id":382968,"date":"2026-05-15T20:53:17","date_gmt":"2026-05-15T20:53:17","guid":{"rendered":"https:\/\/www.europesays.com\/pt\/382968\/"},"modified":"2026-05-15T20:53:17","modified_gmt":"2026-05-15T20:53:17","slug":"digi-ve-receitas-subirem-para-184-milhoes-em-portugal-ganho-por-cliente-recua-14-telecomunicacoes","status":"publish","type":"post","link":"https:\/\/www.europesays.com\/pt\/382968\/","title":{"rendered":"Digi v\u00ea receitas subirem para 18,4 milh\u00f5es em Portugal. Ganho por cliente recua 14% &#8211; Telecomunica\u00e7\u00f5es"},"content":{"rendered":"<p class=\"\">&#13;<br \/>\n        A Digi apresentou\u00a0<strong style=\"box-sizing: border-box; font-weight: bolder;\">receitas de 18,4 milh\u00f5es de euros em Portugal no primeiro trimestre de 2026<\/strong>, uma subida de 3,7% em rela\u00e7\u00e3o aos <a href=\"https:\/\/www.jornaldenegocios.pt\/empresas\/telecomunicacoes\/detalhe\/digi-portugal-com-receitas-de-177-milhoes-no-primeiro-trimestre\" target=\"_self\" rel=\"tag nofollow noopener\">primeiros tr\u00eas meses do ano passado<\/a>. Portugal voltou a ser o mercado da operadora romena que gerou menos receita.&#13;\n    <\/p>\n<p class=\"\">&#13;<br \/>\n        A operadora &#8220;low-cost&#8221; que come\u00e7ou a operar no territ\u00f3rio nacional em novembro de 2024 aponta que j\u00e1 contabiliza um <b>total de 905 mil servi\u00e7os ativos<\/b>, dos quais 507 mil s\u00e3o no segmento m\u00f3vel e 398 mil no servi\u00e7o fixo.&#13;\n    <\/p>\n<p class=\"\">&#13;<br \/>\n        No primeiro trimestre de 2025, a Digi contava com 755 mil servi\u00e7os ativos, dos quais 366 mil no fixo e 389 mil no m\u00f3vel. Isto significa que o <b>servi\u00e7o m\u00f3vel foi o que mais cresceu, na ordem dos 30,3%<\/b>, enquanto o servi\u00e7o fixo apresentou uma subida hom\u00f3loga de 8,7%, impactado pela <b>quebra de assinaturas na linha de telefone fixo<\/b>, mas impulsionado pelo servi\u00e7o de internet.&#13;\n    <\/p>\n<p class=\"\">&#13;<br \/>\n        Estes valores mostram um impacto claro na receita m\u00e9dia por cliente. Este indicador foi, entre janeiro e mar\u00e7o, de 6,6 euros, significando que foi o valor que a Digi ganhou por cada um dos clientes portugueses. Contudo, o <b>ganho de 6,6 euros por cliente apresenta uma quebra em rela\u00e7\u00e3o ao trimestre hom\u00f3logo<\/b>, quando tinha sido observada uma receita de 7,7 euros por cliente. Assim, <b>trata-se de um recuo de 14,3%<\/b>.&#13;\n    <\/p>\n<p class=\"\">&#13;<br \/>\n        As despesas operacionais da atividade em Portugal apresentaram um recuo ligeiro de 0,2% para 26,3 milh\u00f5es de euros. No entanto, as despesas operacionais do grupo agravaram-se e subiram para 555,3 milh\u00f5es de euros no primeiro trimestre, pressionadas pela Rom\u00e9nia, Espanha e It\u00e1lia.&#13;\n    <\/p>\n<p class=\"\">&#13;<br \/>\n        O <b>grupo Digi registou um preju\u00edzo de 14,5 milh\u00f5es de euros<\/b>, valor que compara com o lucro de 8,7 milh\u00f5es de euros do primeiro trimestre hom\u00f3logo, enquanto as receitas subiram para 582,6 milh\u00f5es.  &#13;\n    <\/p>\n","protected":false},"excerpt":{"rendered":"&#13; A Digi apresentou\u00a0receitas de 18,4 milh\u00f5es de euros em Portugal no primeiro trimestre de 2026, uma subida&hellip;\n","protected":false},"author":2,"featured_media":281669,"comment_status":"","ping_status":"","sticky":false,"template":"","format":"standard","meta":{"footnotes":"","_share_on_mastodon":"0"},"categories":[83],"tags":[88,7513,89,90,59487,16648,32,33],"class_list":["post-382968","post","type-post","status-publish","format-standard","has-post-thumbnail","category-empresas","tag-business","tag-digi","tag-economy","tag-empresas","tag-mil-milhoes-de-euros","tag-milhoes","tag-portugal","tag-pt"],"share_on_mastodon":{"url":"https:\/\/pubeurope.com\/@pt\/116580581854141612","error":""},"_links":{"self":[{"href":"https:\/\/www.europesays.com\/pt\/wp-json\/wp\/v2\/posts\/382968","targetHints":{"allow":["GET"]}}],"collection":[{"href":"https:\/\/www.europesays.com\/pt\/wp-json\/wp\/v2\/posts"}],"about":[{"href":"https:\/\/www.europesays.com\/pt\/wp-json\/wp\/v2\/types\/post"}],"author":[{"embeddable":true,"href":"https:\/\/www.europesays.com\/pt\/wp-json\/wp\/v2\/users\/2"}],"replies":[{"embeddable":true,"href":"https:\/\/www.europesays.com\/pt\/wp-json\/wp\/v2\/comments?post=382968"}],"version-history":[{"count":0,"href":"https:\/\/www.europesays.com\/pt\/wp-json\/wp\/v2\/posts\/382968\/revisions"}],"wp:featuredmedia":[{"embeddable":true,"href":"https:\/\/www.europesays.com\/pt\/wp-json\/wp\/v2\/media\/281669"}],"wp:attachment":[{"href":"https:\/\/www.europesays.com\/pt\/wp-json\/wp\/v2\/media?parent=382968"}],"wp:term":[{"taxonomy":"category","embeddable":true,"href":"https:\/\/www.europesays.com\/pt\/wp-json\/wp\/v2\/categories?post=382968"},{"taxonomy":"post_tag","embeddable":true,"href":"https:\/\/www.europesays.com\/pt\/wp-json\/wp\/v2\/tags?post=382968"}],"curies":[{"name":"wp","href":"https:\/\/api.w.org\/{rel}","templated":true}]}}