{"id":38297,"date":"2025-08-21T04:39:07","date_gmt":"2025-08-21T04:39:07","guid":{"rendered":"https:\/\/www.europesays.com\/pt\/38297\/"},"modified":"2025-08-21T04:39:07","modified_gmt":"2025-08-21T04:39:07","slug":"cancer-raro-associado-a-protese-de-silicone-e-registrado-no-brasil-ha-motivo-para-preocupacao","status":"publish","type":"post","link":"https:\/\/www.europesays.com\/pt\/38297\/","title":{"rendered":"C\u00e2ncer raro associado a pr\u00f3tese de silicone \u00e9 registrado no Brasil; h\u00e1 motivo para preocupa\u00e7\u00e3o?"},"content":{"rendered":"<p data-component-name=\"paragraph\" class=\"styles__ParagraphStyled-sc-6adecn-0 cWrRiu  \">Uma brasileira de 38 anos morreu em decorr\u00eancia das complica\u00e7\u00f5es de um carcinoma espinocelular, um tipo de <a href=\"https:\/\/www.estadao.com.br\/tudo-sobre\/cancer\" target=\"_blank\" rel=\"nofollow noopener\" title=\"https:\/\/www.estadao.com.br\/tudo-sobre\/cancer\"><strong>c\u00e2ncer<\/strong><\/a> extremamente raro associado ao uso de <a href=\"https:\/\/www.estadao.com.br\/tudo-sobre\/silicone\/\" target=\"_blank\" rel=\"nofollow noopener\" title=\"https:\/\/www.estadao.com.br\/tudo-sobre\/silicone\/\"><strong>implante mam\u00e1rio de silicone<\/strong><\/a>. Essa \u00e9 a primeira vez que a doen\u00e7a \u00e9 registrada no Brasil.<\/p>\n<p data-component-name=\"paragraph\" class=\"styles__ParagraphStyled-sc-6adecn-0 cWrRiu  \">O caso aconteceu em 2023, mas foi descrito neste m\u00eas em um estudo publicado na revista <a href=\"https:\/\/link.springer.com\/article\/10.1245\/s10434-025-18014-0\" target=\"_blank\" rel=\"nofollow noopener\" title=\"https:\/\/link.springer.com\/article\/10.1245\/s10434-025-18014-0\"><strong>Annals of Surgical Oncology<\/strong><\/a>. Idam de Oliveira Junior, mastologista e coordenador da pesquisa, destaca que a situa\u00e7\u00e3o <strong>n\u00e3o \u00e9 motivo de alarde.<\/strong> Desde que o quadro foi descrito pela primeira vez, em 1992, menos de 20 pacientes em todo o mundo foram diagnosticados com a doen\u00e7a. <\/p>\n<p><img  loading=\"lazy\" class=\"lazy-load-img\"\/><\/p>\n<p>Implante de silicone pode causar um tipo raro de c\u00e2ncer, descrito, at\u00e9 o momento, em 20 pessoas no mundo inteiro\u00a0Foto:  Magryt\/Adobe Stock  <\/p>\n<p>\u201c\u00c9 necess\u00e1rio ressaltar que n\u00e3o se trata de um c\u00e2ncer de mama. Apesar de acontecer na mama, ele tem origem na c\u00e1psula que reveste a pr\u00f3tese de silicone\u201d, detalha Oliveira, que tamb\u00e9m \u00e9 s\u00f3cio titular da Sociedade Brasileira de Mastologia (SBM) e coordenador do Departamento de Mastologia e Reconstru\u00e7\u00e3o Mam\u00e1ria do Hospital de Amor, em Barretos, no interior de S\u00e3o Paulo.<\/p>\n<p>De acordo com ele, todas as vezes que um implante \u00e9 feito, naturalmente uma c\u00e1psula fibrosa \u00e9 formada ao redor da pr\u00f3tese. \u201cN\u00f3s ainda n\u00e3o temos um fator causal conhecido, mas a principal hip\u00f3tese \u00e9 que um procedimento inflamat\u00f3rio cr\u00f4nico nessa c\u00e1psula leva ao desenvolvimento desse tipo raro de c\u00e2ncer\u201d, explica.<\/p>\n<p data-component-name=\"paragraph\" class=\"styles__ParagraphStyled-sc-6adecn-0 cWrRiu  \">Segundo Oliveira, no caso registrado, a paciente havia colocado um implante bilateral com fins est\u00e9ticos h\u00e1 18 anos. Em determinado momento, ela percebeu um incha\u00e7o na mama esquerda e procurou uma avalia\u00e7\u00e3o m\u00e9dica. Foi a\u00ed que se identificou a forma\u00e7\u00e3o de um l\u00edquido ao redor da pr\u00f3tese, conhecido como seroma.<\/p>\n<p data-component-name=\"paragraph\" class=\"styles__ParagraphStyled-sc-6adecn-0 cWrRiu  \">Ela passou por exames de imagem e seguiu para uma cirurgia para trocar o implante. No entanto, durante o procedimento, o m\u00e9dico respons\u00e1vel notou que a c\u00e1psula da pr\u00f3tese estava diferente. Ele, ent\u00e3o, tirou o impante, suspendeu o procedimento e a encaminhou para um centro de refer\u00eancia.<\/p>\n<p data-component-name=\"paragraph\" class=\"styles__ParagraphStyled-sc-6adecn-0 cWrRiu  \">L\u00e1, os m\u00e9dicos detectaram, al\u00e9m do seroma, a presen\u00e7a de um tumor que invadia toda a gl\u00e2ndula mam\u00e1ria e a musculatura peitoral. A paciente passou pela retirada da mama, a mastectomia, para remover toda a les\u00e3o. Mas o c\u00e2ncer voltou e entrou em met\u00e1stase \u2014 isto \u00e9, disseminou-se para outras partes do corpo. Ela morreu cerca de 10 meses ap\u00f3s o diagn\u00f3stico.<\/p>\n<p data-component-name=\"paragraph\" class=\"styles__ParagraphStyled-sc-6adecn-0 cWrRiu  \">\u201cApesar de ser um evento raro, o especialista em mama precisa estar atento \u00e0s manifesta\u00e7\u00f5es cl\u00ednicas que o implante pode apresentar e que demandam uma abordagem espec\u00edfica, por meio de m\u00e9todos de imagem ou bi\u00f3psia. Isso \u00e9 essencial para garantir um diagn\u00f3stico precoce, capaz de reduzir a alta mortalidade da doen\u00e7a, que tem um comportamento bastante agressivo\u201d, cita Oliveira.<\/p>\n<p>Fatores de risco e preven\u00e7\u00e3o<\/p>\n<p data-component-name=\"paragraph\" class=\"styles__ParagraphStyled-sc-6adecn-0 cWrRiu  \">No estudo, os pesquisadores identificaram que o risco de desenvolver a doen\u00e7a \u00e9 maior em mulheres que usam pr\u00f3teses h\u00e1 muito tempo, geralmente por mais de dez anos. A <a href=\"https:\/\/www.estadao.com.br\/tudo-sobre\/fda-food-and-drug-administration\/\" target=\"_blank\" rel=\"nofollow noopener\" title=\"https:\/\/www.estadao.com.br\/tudo-sobre\/fda-food-and-drug-administration\/\"><strong>Food and Drug Administration (FDA)<\/strong><\/a>, ag\u00eancia reguladora dos Estados Unidos semelhante \u00e0 Anvisa, recomenda que, a partir do quinto ano ap\u00f3s a cirurgia para colocar o implante, as mulheres fa\u00e7am ao menos um ultrassom de mama e, depois, repitam o exame a cada dois anos.<\/p>\n<p data-component-name=\"paragraph\" class=\"styles__ParagraphStyled-sc-6adecn-0 cWrRiu  \">\u201cO paciente com uma pr\u00f3tese de silicone n\u00e3o precisa alterar sua rotina de cuidados ou sair correndo para retirar a pr\u00f3tese por conta desse caso. A paciente precisa ficar atenta aos sinais, como aumento do volume de mama, endurecimento, presen\u00e7a de n\u00f3dulos. Mas ter uma pr\u00f3tese por muito tempo n\u00e3o quer dizer que vai ter o c\u00e2ncer\u201d, refor\u00e7a Solange Castro, mastologista do A.C.Camargo Cancer Center. <\/p>\n<p data-component-name=\"paragraph\" class=\"styles__ParagraphStyled-sc-6adecn-0 cWrRiu  \">De acordo com ela, o tempo de uso, por si s\u00f3, n\u00e3o \u00e9 motivo para trocar o implante. \u201cO que serve de alerta s\u00e3o os problemas identificados nos exames de imagem, como sinais de ruptura. Mas apenas pelo tempo de uso n\u00e3o indicamos a retirada da pr\u00f3tese\u201d, explica.<\/p>\n<p data-component-name=\"paragraph\" class=\"styles__ParagraphStyled-sc-6adecn-0 cWrRiu  \">Oliveira ainda destaca que as pr\u00f3teses t\u00eam um papel fundamental <a href=\"https:\/\/www.estadao.com.br\/saude\/cancer-de-mama-os-desafios-e-avancos-no-combate-a-doenca\/\" target=\"_blank\" rel=\"nofollow noopener\" title=\"https:\/\/www.estadao.com.br\/saude\/cancer-de-mama-os-desafios-e-avancos-no-combate-a-doenca\/\"><strong>no tratamento do c\u00e2ncer de mama<\/strong><\/a>. \u201cA reconstru\u00e7\u00e3o mam\u00e1ria muda a vida de mulheres mastectomizadas. A gente n\u00e3o pode criar espa\u00e7o para o medo. E, de novo, refor\u00e7o que o carcinoma \u00e9 uma situa\u00e7\u00e3o extremamente rara\u201d, pontua. \u201cN\u00f3s n\u00e3o podemos deixar que o medo influencie a decis\u00e3o das mulheres.\u201d <\/p>\n","protected":false},"excerpt":{"rendered":"Uma brasileira de 38 anos morreu em decorr\u00eancia das complica\u00e7\u00f5es de um carcinoma espinocelular, um tipo de c\u00e2ncer&hellip;\n","protected":false},"author":2,"featured_media":38298,"comment_status":"","ping_status":"","sticky":false,"template":"","format":"standard","meta":{"footnotes":""},"categories":[86],"tags":[11805,11806,11807,11808,1772,11809,5481,10462,5484,11810,11811,5486,1779,7482,11812,5488,1786,11813,11814,4192,116,389,1789,1101,11815,1791,186,11816,1794,1795,8587,11817,11818,32,11819,11820,33,5511,117,4043,11821,11822,11823,11824,11825,4206,11826,11827,1808,11828],"class_list":{"0":"post-38297","1":"post","2":"type-post","3":"status-publish","4":"format-standard","5":"has-post-thumbnail","7":"category-saude","8":"tag-abdomen","9":"tag-aesthetic","10":"tag-anatomy","11":"tag-augmentation","12":"tag-background","13":"tag-beautiful","14":"tag-beauty","15":"tag-blue","16":"tag-body","17":"tag-breast","18":"tag-bust","19":"tag-care","20":"tag-clinic","21":"tag-concept","22":"tag-correction","23":"tag-cosmetic","24":"tag-doctor","25":"tag-gloves","26":"tag-gummy-bear","27":"tag-hand","28":"tag-health","29":"tag-healthy","30":"tag-hospital","31":"tag-human","32":"tag-implant","33":"tag-laboratory","34":"tag-lifestyle","35":"tag-lift","36":"tag-medical","37":"tag-medicine","38":"tag-modern","39":"tag-no-face","40":"tag-plastic","41":"tag-portugal","42":"tag-procedure","43":"tag-prosthesis","44":"tag-pt","45":"tag-risk","46":"tag-saude","47":"tag-shape","48":"tag-silicon","49":"tag-silicone","50":"tag-size","51":"tag-specialist","52":"tag-surgeon","53":"tag-surgery","54":"tag-surgical","55":"tag-trand","56":"tag-treatment","57":"tag-uniform"},"share_on_mastodon":{"url":"","error":""},"_links":{"self":[{"href":"https:\/\/www.europesays.com\/pt\/wp-json\/wp\/v2\/posts\/38297","targetHints":{"allow":["GET"]}}],"collection":[{"href":"https:\/\/www.europesays.com\/pt\/wp-json\/wp\/v2\/posts"}],"about":[{"href":"https:\/\/www.europesays.com\/pt\/wp-json\/wp\/v2\/types\/post"}],"author":[{"embeddable":true,"href":"https:\/\/www.europesays.com\/pt\/wp-json\/wp\/v2\/users\/2"}],"replies":[{"embeddable":true,"href":"https:\/\/www.europesays.com\/pt\/wp-json\/wp\/v2\/comments?post=38297"}],"version-history":[{"count":0,"href":"https:\/\/www.europesays.com\/pt\/wp-json\/wp\/v2\/posts\/38297\/revisions"}],"wp:featuredmedia":[{"embeddable":true,"href":"https:\/\/www.europesays.com\/pt\/wp-json\/wp\/v2\/media\/38298"}],"wp:attachment":[{"href":"https:\/\/www.europesays.com\/pt\/wp-json\/wp\/v2\/media?parent=38297"}],"wp:term":[{"taxonomy":"category","embeddable":true,"href":"https:\/\/www.europesays.com\/pt\/wp-json\/wp\/v2\/categories?post=38297"},{"taxonomy":"post_tag","embeddable":true,"href":"https:\/\/www.europesays.com\/pt\/wp-json\/wp\/v2\/tags?post=38297"}],"curies":[{"name":"wp","href":"https:\/\/api.w.org\/{rel}","templated":true}]}}