{"id":38311,"date":"2025-08-21T05:04:06","date_gmt":"2025-08-21T05:04:06","guid":{"rendered":"https:\/\/www.europesays.com\/pt\/38311\/"},"modified":"2025-08-21T05:04:06","modified_gmt":"2025-08-21T05:04:06","slug":"donny-osmond-relembra-conselho-ofensivo-de-michael-jackson-sobre-sua-carreira","status":"publish","type":"post","link":"https:\/\/www.europesays.com\/pt\/38311\/","title":{"rendered":"Donny Osmond relembra conselho &#8216;ofensivo&#8217; de Michael Jackson sobre sua carreira"},"content":{"rendered":"<p data-start=\"307\" data-end=\"677\"><strong>Donny Osmond<\/strong>, de 67 anos, abriu o cora\u00e7\u00e3o sobre um momento delicado de sua carreira e a rela\u00e7\u00e3o pr\u00f3xima que teve com <a href=\"https:\/\/aventurasnahistoria.com.br\/noticias\/reportagem\/michael-jackson-lady-di-e-van-gogh-ultimas-palavras-de-5-personalidades-inesqueciveis.phtml\" target=\"_blank\" rel=\"noopener nofollow\">Michael Jackson<\/a>. Em um clipe de sua participa\u00e7\u00e3o em 2023 no programa The Adam Carolla Show, compartilhado recentemente, o astro pop dos anos 1970 contou que recebeu um conselho \u201cmuito ofensivo\u201d do Rei do Pop \u2014 mas que acabou se revelando verdadeiro.<\/p>\n<p data-start=\"679\" data-end=\"1010\">\u201cO nome Donny Osmond era uma piada, anos atr\u00e1s\u201d, afirmou o int\u00e9rprete de Sacred Emotion. \u201cSe voc\u00ea dissesse que gostava da minha m\u00fasica, era expulso\u201d. <strong>Osmond<\/strong> relembrou que, em 1983, procurou <strong>Jackson<\/strong> em busca de orienta\u00e7\u00e3o para retomar o sucesso. A resposta foi direta:<\/p>\n<blockquote>\n<p data-start=\"679\" data-end=\"1010\">Seu nome \u00e9 venenoso, Donny. Voc\u00ea precisa mudar de nome\u201d.<\/p>\n<\/blockquote>\n<p data-start=\"1012\" data-end=\"1322\">O cantor admite que ouvir aquilo foi duro: \u201cFoi muito ofensivo. Mas ele estava certo\u201d. De fato, em 1989, sua can\u00e7\u00e3o \u2018Soldier of Love\u2019 come\u00e7ou a tocar nas r\u00e1dios americanas \u2014 sem que os DJs revelassem o nome do artista. \u201cEles me fizeram um favor. Virou um sucesso, e s\u00f3 depois descobriram que era eu\u201d, contou.<\/p>\n<p> La\u00e7os <\/p>\n<p data-start=\"1324\" data-end=\"1564\">Assim como <strong>Jackson<\/strong>, que come\u00e7ou no \u2018<a href=\"https:\/\/aventurasnahistoria.com.br\/noticias\/historia-hoje\/michael-jackson-planejava-reunir-os-jackson-5-antes-de-morrer-diz-irmao.phtml\" target=\"_blank\" rel=\"noopener nofollow\">Jackson 5<\/a>\u2018 antes de conquistar fama mundial com <a href=\"https:\/\/aventurasnahistoria.com.br\/noticias\/historia-hoje\/morre-quincy-jones-produtor-musical-de-thriller-e-vencedor-de-28-grammys.phtml\" target=\"_blank\" rel=\"noopener nofollow\">Thriller (1982)<\/a>, Osmond iniciou sua trajet\u00f3ria nos palcos com os irm\u00e3os no grupo \u2018The Osmonds\u2019, al\u00e9m de formar uma dupla de destaque com sua irm\u00e3 Marie.<\/p>\n<p data-start=\"1566\" data-end=\"1908\">Segundo o \u2018New York Post\u2019, as semelhan\u00e7as entre as duas fam\u00edlias eram tantas que os artistas chegaram a criar um v\u00ednculo \u00fanico. \u201cSe voc\u00ea olhar para os Osmonds e o Jackson 5, as compara\u00e7\u00f5es s\u00e3o fant\u00e1sticas. H\u00e1 nove filhos em cada fam\u00edlia, Michael e eu somos o s\u00e9timo de nove, nossas m\u00e3es fazem anivers\u00e1rio no mesmo dia, e n\u00f3s dois temos a mesma idade\u201d, lembrou <strong>Osmond<\/strong>.<\/p>\n<p data-start=\"1910\" data-end=\"2191\">Em document\u00e1rio lan\u00e7ado em novembro de 2023, \u2018Larger Than Life: Reign of the Boybands\u2019, o cantor tamb\u00e9m destacou o la\u00e7o pessoal com Jackson, que morreu em 2009, aos 50 anos. \u201cMichael me disse um dia: \u2018Donny, voc\u00ea \u00e9 a \u00fanica pessoa neste planeta que sabe como foi minha inf\u00e2ncia&#8217;\u201d.<\/p>\n<p data-start=\"1910\" data-end=\"2191\">*Sob supervis\u00e3o de Fabio Previdelli<\/p>\n","protected":false},"excerpt":{"rendered":"Donny Osmond, de 67 anos, abriu o cora\u00e7\u00e3o sobre um momento delicado de sua carreira e a rela\u00e7\u00e3o&hellip;\n","protected":false},"author":2,"featured_media":38312,"comment_status":"","ping_status":"","sticky":false,"template":"","format":"standard","meta":{"footnotes":""},"categories":[141],"tags":[211,11830,11831,114,115,6641,149,150,13,32,33],"class_list":{"0":"post-38311","1":"post","2":"type-post","3":"status-publish","4":"format-standard","5":"has-post-thumbnail","7":"category-musica","8":"tag-celebridades","9":"tag-conselho","10":"tag-donny-osmond","11":"tag-entertainment","12":"tag-entretenimento","13":"tag-michael-jackson","14":"tag-music","15":"tag-musica","16":"tag-noticias","17":"tag-portugal","18":"tag-pt"},"share_on_mastodon":{"url":"","error":""},"_links":{"self":[{"href":"https:\/\/www.europesays.com\/pt\/wp-json\/wp\/v2\/posts\/38311","targetHints":{"allow":["GET"]}}],"collection":[{"href":"https:\/\/www.europesays.com\/pt\/wp-json\/wp\/v2\/posts"}],"about":[{"href":"https:\/\/www.europesays.com\/pt\/wp-json\/wp\/v2\/types\/post"}],"author":[{"embeddable":true,"href":"https:\/\/www.europesays.com\/pt\/wp-json\/wp\/v2\/users\/2"}],"replies":[{"embeddable":true,"href":"https:\/\/www.europesays.com\/pt\/wp-json\/wp\/v2\/comments?post=38311"}],"version-history":[{"count":0,"href":"https:\/\/www.europesays.com\/pt\/wp-json\/wp\/v2\/posts\/38311\/revisions"}],"wp:featuredmedia":[{"embeddable":true,"href":"https:\/\/www.europesays.com\/pt\/wp-json\/wp\/v2\/media\/38312"}],"wp:attachment":[{"href":"https:\/\/www.europesays.com\/pt\/wp-json\/wp\/v2\/media?parent=38311"}],"wp:term":[{"taxonomy":"category","embeddable":true,"href":"https:\/\/www.europesays.com\/pt\/wp-json\/wp\/v2\/categories?post=38311"},{"taxonomy":"post_tag","embeddable":true,"href":"https:\/\/www.europesays.com\/pt\/wp-json\/wp\/v2\/tags?post=38311"}],"curies":[{"name":"wp","href":"https:\/\/api.w.org\/{rel}","templated":true}]}}