{"id":38383,"date":"2025-08-21T07:16:07","date_gmt":"2025-08-21T07:16:07","guid":{"rendered":"https:\/\/www.europesays.com\/pt\/38383\/"},"modified":"2025-08-21T07:16:07","modified_gmt":"2025-08-21T07:16:07","slug":"duda-reis-veste-filha-de-morango-e-encanta-seguidores-celebridades","status":"publish","type":"post","link":"https:\/\/www.europesays.com\/pt\/38383\/","title":{"rendered":"Duda Reis veste filha de morango e encanta seguidores | Celebridades"},"content":{"rendered":"<p>                                        Duda Reis e a filha, Aurora, de sete meses  &#8211; Reprodu\u00e7\u00e3o\/Instagram<\/p>\n<p class=\"content-media__description\">Duda Reis e a filha, Aurora, de sete meses Reprodu\u00e7\u00e3o\/Instagram<\/p>\n<p>                            Publicado 20\/08\/2025 19:30\n                    <\/p>\n<p>Rio &#8211;\u00a0Duda Reis, de 24 anos, compartilhou registros da filha, Aurora, de 7 meses, usando um vestido de morango enquanto saboreava a fruta. A beb\u00ea \u00e9 fruto do casamento da influenciadora com o cabeleireiro Du Nunes.\u00a0<\/p>\n<p>&#8220;Minha Moranguinho. Quem aguenta?&#8221;, afirmou ela na legenda, arrancando elogios dos internautas. &#8220;\u00c9 muito parecida com o papai, mas a boca \u00e9 da mam\u00e3e&#8221;, opinou um perfil. &#8220;O verdadeiro morango do amor&#8221;, disse outro. &#8220;Preciosidade de Deus&#8221;, escreveu um terceiro.\u00a0<\/p>\n<p><a href=\"https:\/\/odia.ig.com.br\/diversao\/celebridades\/2025\/07\/7092614-duda-reis-faz-cirurgia-plastica-apos-gravidez-meu-peito-caiu-10-centimetros.html\" rel=\"nofollow noopener\" target=\"_blank\">A influenciadora realizou em julho a primeira cirurgia pl\u00e1stica<\/a> ap\u00f3s o nascimento da beb\u00ea para retirar o excesso de pele na mama. &#8220;O meu peito, para voc\u00eas terem uma no\u00e7\u00e3o, caiu 10 cent\u00edmetros. E quando eu puxava meu peito, vinha pele at\u00e9 aqui. Eu estava muito insegura com isso&#8221;, contou aos seguidores na \u00e9poca.<\/p>\n","protected":false},"excerpt":{"rendered":"Duda Reis e a filha, Aurora, de sete meses &#8211; Reprodu\u00e7\u00e3o\/Instagram Duda Reis e a filha, Aurora, de&hellip;\n","protected":false},"author":2,"featured_media":38384,"comment_status":"","ping_status":"","sticky":false,"template":"","format":"standard","meta":{"footnotes":""},"categories":[145],"tags":[11853,211,210,11852,114,115,32,33],"class_list":{"0":"post-38383","1":"post","2":"type-post","3":"status-publish","4":"format-standard","5":"has-post-thumbnail","7":"category-celebridades","8":"tag-aurora","9":"tag-celebridades","10":"tag-celebrities","11":"tag-duda-reis","12":"tag-entertainment","13":"tag-entretenimento","14":"tag-portugal","15":"tag-pt"},"share_on_mastodon":{"url":"","error":""},"_links":{"self":[{"href":"https:\/\/www.europesays.com\/pt\/wp-json\/wp\/v2\/posts\/38383","targetHints":{"allow":["GET"]}}],"collection":[{"href":"https:\/\/www.europesays.com\/pt\/wp-json\/wp\/v2\/posts"}],"about":[{"href":"https:\/\/www.europesays.com\/pt\/wp-json\/wp\/v2\/types\/post"}],"author":[{"embeddable":true,"href":"https:\/\/www.europesays.com\/pt\/wp-json\/wp\/v2\/users\/2"}],"replies":[{"embeddable":true,"href":"https:\/\/www.europesays.com\/pt\/wp-json\/wp\/v2\/comments?post=38383"}],"version-history":[{"count":0,"href":"https:\/\/www.europesays.com\/pt\/wp-json\/wp\/v2\/posts\/38383\/revisions"}],"wp:featuredmedia":[{"embeddable":true,"href":"https:\/\/www.europesays.com\/pt\/wp-json\/wp\/v2\/media\/38384"}],"wp:attachment":[{"href":"https:\/\/www.europesays.com\/pt\/wp-json\/wp\/v2\/media?parent=38383"}],"wp:term":[{"taxonomy":"category","embeddable":true,"href":"https:\/\/www.europesays.com\/pt\/wp-json\/wp\/v2\/categories?post=38383"},{"taxonomy":"post_tag","embeddable":true,"href":"https:\/\/www.europesays.com\/pt\/wp-json\/wp\/v2\/tags?post=38383"}],"curies":[{"name":"wp","href":"https:\/\/api.w.org\/{rel}","templated":true}]}}