{"id":383914,"date":"2026-05-16T17:02:18","date_gmt":"2026-05-16T17:02:18","guid":{"rendered":"https:\/\/www.europesays.com\/pt\/383914\/"},"modified":"2026-05-16T17:02:18","modified_gmt":"2026-05-16T17:02:18","slug":"eis-o-ponto-de-situacao-de-todos-os-negocios","status":"publish","type":"post","link":"https:\/\/www.europesays.com\/pt\/383914\/","title":{"rendered":"eis o ponto de situa\u00e7\u00e3o de todos os neg\u00f3cios"},"content":{"rendered":"<p>&#8211; Advertisement &#8211;<\/p>\n<p><strong>O Sporting quer reformular o meio-campo e tem cinco alvos no mercado. Conhece o ponto de situa\u00e7\u00e3o dos jogadores desejados pelos le\u00f5es.<\/strong><\/p>\n<p>Com a sa\u00edda de Hidemasa Morita confirmada, a mais que prov\u00e1vel sa\u00edda de Morten Hjulmand, o poss\u00edvel empr\u00e9stimo de Giorgi Kochorashvili e a les\u00e3o de Jo\u00e3o Sim\u00f5es, o Sporting quer refor\u00e7ar o meio-campo.<\/p>\n<p>Os le\u00f5es est\u00e3o a trabalhar ativamente em v\u00e1rios dossiers e, nos \u00faltimos dias, foram apontados cinco nomes aos le\u00f5es, em est\u00e1gios diferentes da negocia\u00e7\u00e3o. <\/p>\n<p><strong>Eis o ponto de situa\u00e7\u00e3o sobre os m\u00e9dios do Sporting:<\/strong><\/p>\n<ul class=\"wp-block-list\">\n<li><strong>Rodrigo Zalazar: <\/strong>Neg\u00f3cio fechado e<a href=\"https:\/\/bolanarede.pt\/especial-bola-na-rede\/atualidade\/rodrigo-zalazar-anunciado-pelo-sporting-eis-todos-os-detalhes-da-transferencia\/\" target=\"_blank\" rel=\"noreferrer noopener nofollow\"> j\u00e1 oficializado pelo Sporting<\/a>. O m\u00e9dio de 26 anos chegou do Braga por 30 milh\u00f5es de euros e assinou contrato at\u00e9 2031.<\/li>\n<li><strong>Pedro Lima: <\/strong><a href=\"https:\/\/bolanarede.pt\/especial-bola-na-rede\/atualidade\/fechado-sporting-garante-mais-um-reforco-e-paga-cerca-de-4-milhoes-de-euros\/\" target=\"_blank\" rel=\"noreferrer noopener nofollow\">Neg\u00f3cio fechado<\/a>, ainda por oficializar. O m\u00e9dio de 23 anos chega proveniente do AVS SAD por quatro milh\u00f5es de euros e assinar\u00e1 contrato at\u00e9 2031.<\/li>\n<li><strong>Issa Doumbia: <\/strong><a href=\"https:\/\/bolanarede.pt\/especial-bola-na-rede\/atualidade\/sporting-ja-tem-acordo-com-jogador-ate-2031-e-chega-aos-20-milhoes-de-euros-para-fechar-negocio-e-comprar-mais-um-medio\/\" target=\"_blank\" rel=\"noreferrer noopener nofollow\">Em negocia\u00e7\u00f5es<\/a>. O Sporting quer pagar 20 milh\u00f5es de euros e o Venezia exige 25 milh\u00f5es. Com o m\u00e9dio de 22 anos, j\u00e1 h\u00e1 princ\u00edpio de acordo para um contrato at\u00e9 2031.<\/li>\n<li><strong>Sergi Altimira:<\/strong> Em negocia\u00e7\u00f5es. Depois de ver uma proposta de 14+2 milh\u00f5es de euros rejeitada, <a href=\"https:\/\/bolanarede.pt\/especial-bola-na-rede\/atualidade\/sporting-vai-mais-alem-por-sergi-altimira-e-ja-informou-real-betis-que-vai-apresentar-nova-proposta-e-subir-valores\/\" target=\"_blank\" rel=\"noreferrer noopener nofollow\">o Sporting subir\u00e1 a parada<\/a> e aumentar\u00e1 este valor. A inten\u00e7\u00e3o \u00e9 fechar a transfer\u00eancia do m\u00e9dio de 24 anos em maio.<\/li>\n<li><strong>Jo\u00e3o Palhinha: <\/strong>Forte interesse no regresso. O neg\u00f3cio est\u00e1 condicionado por v\u00e1rios elementos, entre os quais a manuten\u00e7\u00e3o do Tottenham na Premier League, mas o internacional portugu\u00eas de 30 anos <a href=\"https:\/\/bolanarede.pt\/especial-bola-na-rede\/atualidade\/sporting-internacional-portugues-em-vantagem-na-batalha-pelo-lugar-de-morten-hjulmand\/\" target=\"_blank\" rel=\"noreferrer noopener nofollow\">\u00e9 a prioridade leonina para a sucess\u00e3o a Morten Hjulmand<\/a>. <\/li>\n<\/ul>\n<p><img fetchpriority=\"high\" decoding=\"async\" width=\"1024\" height=\"576\" src=\"data:image\/svg+xml,%3Csvg%20xmlns=\" http:=\"\" alt=\"Bancadas Est\u00e1dio de Alvalade Sporting\" class=\"wp-image-498168 ewww_webp_lazy_load\" data-lazy- data-lazy- data-lazy-src=\"https:\/\/www.europesays.com\/pt\/wp-content\/uploads\/2026\/05\/Bancadas-Jose-Alvalade-Sporting-1024x576.jpg\" data-lazy-src-webp=\"https:\/\/www.europesays.com\/pt\/wp-content\/uploads\/2026\/05\/Bancadas-Jose-Alvalade-Sporting-1024x576.jpg.webp\" data-lazy-srcset-webp=\"https:\/\/www.europesays.com\/pt\/wp-content\/uploads\/2026\/05\/Bancadas-Jose-Alvalade-Sporting-1024x576.jpg.webp 1024w, https:\/\/binny-bolanarede.b-cdn.net\/wp-content\/uploads\/2026\/03\/Bancadas-Jose-Alvalade-Sporting-300x169.jpg.webp 300w, https:\/\/binny-bolanarede.b-cdn.net\/wp-content\/uploads\/2026\/03\/Bancadas-Jose-Alvalade-Sporting-768x432.jpg.webp 768w, https:\/\/binny-bolanarede.b-cdn.net\/wp-content\/uploads\/2026\/03\/Bancadas-Jose-Alvalade-Sporting-1536x864.jpg.webp 1536w, https:\/\/binny-bolanarede.b-cdn.net\/wp-content\/uploads\/2026\/03\/Bancadas-Jose-Alvalade-Sporting-150x84.jpg.webp 150w, https:\/\/binny-bolanarede.b-cdn.net\/wp-content\/uploads\/2026\/03\/Bancadas-Jose-Alvalade-Sporting-696x391.jpg.webp 696w, https:\/\/binny-bolanarede.b-cdn.net\/wp-content\/uploads\/2026\/03\/Bancadas-Jose-Alvalade-Sporting-1068x601.jpg.webp 1068w, https:\/\/binny-bolanarede.b-cdn.net\/wp-content\/uploads\/2026\/03\/Bancadas-Jose-Alvalade-Sporting.jpg.webp 1750w\"\/>Fonte: Carlos Silva \/ Bola na Rede<\/p>\n","protected":false},"excerpt":{"rendered":"&#8211; Advertisement &#8211; O Sporting quer reformular o meio-campo e tem cinco alvos no mercado. Conhece o ponto&hellip;\n","protected":false},"author":2,"featured_media":207160,"comment_status":"","ping_status":"","sticky":false,"template":"","format":"standard","meta":{"footnotes":"","_share_on_mastodon":"0"},"categories":[87],"tags":[260,135,478,58972,5817,15719,32,479,33,35451,58817,34,134],"class_list":["post-383914","post","type-post","status-publish","format-standard","has-post-thumbnail","category-desporto","tag-atualidade","tag-desporto","tag-destaques-bnr","tag-issa-doumbia","tag-joao-palhinha","tag-pedro-lima","tag-portugal","tag-primeira-liga","tag-pt","tag-rodrigo-zalazar","tag-sergi-altimira","tag-sporting","tag-sports"],"share_on_mastodon":{"url":"https:\/\/pubeurope.com\/@pt\/116585335544414526","error":""},"_links":{"self":[{"href":"https:\/\/www.europesays.com\/pt\/wp-json\/wp\/v2\/posts\/383914","targetHints":{"allow":["GET"]}}],"collection":[{"href":"https:\/\/www.europesays.com\/pt\/wp-json\/wp\/v2\/posts"}],"about":[{"href":"https:\/\/www.europesays.com\/pt\/wp-json\/wp\/v2\/types\/post"}],"author":[{"embeddable":true,"href":"https:\/\/www.europesays.com\/pt\/wp-json\/wp\/v2\/users\/2"}],"replies":[{"embeddable":true,"href":"https:\/\/www.europesays.com\/pt\/wp-json\/wp\/v2\/comments?post=383914"}],"version-history":[{"count":0,"href":"https:\/\/www.europesays.com\/pt\/wp-json\/wp\/v2\/posts\/383914\/revisions"}],"wp:featuredmedia":[{"embeddable":true,"href":"https:\/\/www.europesays.com\/pt\/wp-json\/wp\/v2\/media\/207160"}],"wp:attachment":[{"href":"https:\/\/www.europesays.com\/pt\/wp-json\/wp\/v2\/media?parent=383914"}],"wp:term":[{"taxonomy":"category","embeddable":true,"href":"https:\/\/www.europesays.com\/pt\/wp-json\/wp\/v2\/categories?post=383914"},{"taxonomy":"post_tag","embeddable":true,"href":"https:\/\/www.europesays.com\/pt\/wp-json\/wp\/v2\/tags?post=383914"}],"curies":[{"name":"wp","href":"https:\/\/api.w.org\/{rel}","templated":true}]}}