{"id":38395,"date":"2025-08-21T07:43:18","date_gmt":"2025-08-21T07:43:18","guid":{"rendered":"https:\/\/www.europesays.com\/pt\/38395\/"},"modified":"2025-08-21T07:43:18","modified_gmt":"2025-08-21T07:43:18","slug":"licenca-aprovada-primeiro-porto-espacial-em-portugal-vai-ser-nos-acores","status":"publish","type":"post","link":"https:\/\/www.europesays.com\/pt\/38395\/","title":{"rendered":"Licen\u00e7a aprovada: primeiro Porto Espacial em Portugal vai ser nos A\u00e7ores"},"content":{"rendered":"<p class=\"wp-caption-text top\">ASC<\/p>\n<p><img decoding=\"async\" loading=\"lazy\" class=\"size-kopa-image-size-3 wp-image-695535\" src=\"https:\/\/www.europesays.com\/pt\/wp-content\/uploads\/2025\/08\/c20ad4d76fe97759aa27a0c99bff6710-1-783x450.jpg\" alt=\"\" width=\"700\" height=\"402\"  \/><\/p>\n<p class=\"wp-caption-text bot\">Centro de Lan\u00e7amento Espacial da ASC vai ser constru\u00eddo na Malbusca, na ilha de Santa Maria, nos A\u00e7ores<\/p>\n<p><strong>Localizado na Ilha de Santa Maria, nos A\u00e7ores, o Porto Espacial ASC vai tirar partido de uma posi\u00e7\u00e3o estrat\u00e9gica \u00fanica: a sua proximidade \u00e0 Europa e \u00e0 Am\u00e9rica, condi\u00e7\u00f5es \u00f3timas para lan\u00e7amentos de sat\u00e9lites, tr\u00e1fego a\u00e9reo m\u00ednimo e a infraestrutura robusta da ilha.<\/strong><\/p>\n<p>Portugal acaba de dar mais um passo decisivo no refor\u00e7o do seu posicionamento no setor espacial europeu, com a atribui\u00e7\u00e3o da primeira <strong>licen\u00e7a de opera\u00e7\u00e3o<\/strong> de um Centro de Lan\u00e7amento Espacial em territ\u00f3rio nacional.<\/p>\n<p>O pedido foi apresentado em dezembro de 2024 pela aeroespacial portuguesa ASC \u2013 <strong>Atlantic Spaceport Consortium<\/strong>. A empresa pretende vir a realizar atividades de acesso ao espa\u00e7o a partir da ilha de <strong>Santa Maria<\/strong>, nos A\u00e7ores.<\/p>\n<p>A licen\u00e7a agora atribu\u00edda \u00e9 v\u00e1lida por cinco anos e refere-se exclusivamente \u00e0 opera\u00e7\u00e3o do centro de lan\u00e7amento a localizar na <strong>Malbusca<\/strong>, n\u00e3o abrangendo as opera\u00e7\u00f5es de lan\u00e7amento propriamente ditas, as quais carecem de licenciamento e avalia\u00e7\u00e3o espec\u00edfica.<\/p>\n<p>A emiss\u00e3o da licen\u00e7a insere-se no desenvolvimento dos eixos de atua\u00e7\u00e3o da estrat\u00e9gia nacional para o espa\u00e7o, <a href=\"https:\/\/ptspace.pt\/pt\/espaco-2030\/\" data-wpel-link=\"external\" target=\"_blank\" rel=\"nofollow external noopener noreferrer\" class=\"ext-link\">Portugal Espa\u00e7o 2030<\/a><strong>,<\/strong> e que visa promover as capacidades e o potencial de Portugal como uma plataforma europeia de miss\u00f5es de retorno e de acesso ao espa\u00e7o, alavancando a posi\u00e7\u00e3o geogr\u00e1fica estrat\u00e9gica do Arquip\u00e9lago dos A\u00e7ores.<\/p>\n<p>\u201cA atribui\u00e7\u00e3o desta licen\u00e7a mostra que Portugal est\u00e1 preparado para acolher atividades de lan\u00e7amento com base num quadro legal robusto, transparente e alinhado com as melhores pr\u00e1ticas internacionais\u201d, sublinha <strong>Ricardo Conde<\/strong>, presidente da Ag\u00eancia Espacial Portuguesa, em <a href=\"https:\/\/ptspace.pt\/pt\/portugal-atribui-primeira-licenca-para-operacao-de-porto-espacial\/\" data-wpel-link=\"external\" target=\"_blank\" rel=\"nofollow external noopener noreferrer\" class=\"ext-link\">comunicado<\/a> da ag\u00eancia.<\/p>\n<p>\u201cA Ag\u00eancia tem vindo a promover a<strong> centralidade Atl\u00e2ntica de Portugal<\/strong>, atrav\u00e9s dos A\u00e7ores, a n\u00edvel internacional e a criar, em articula\u00e7\u00e3o com as diferentes entidades p\u00fablicas, as condi\u00e7\u00f5es institucionais e t\u00e9cnicas para que o pa\u00eds possa desempenhar um <strong>papel relevante na nova economia espacial<\/strong> europeia\u201d, acrescenta.<\/p>\n<p>A <strong>Ag\u00eancia Espacial Portuguesa<\/strong> \u00e9 a entidade respons\u00e1vel por promover e enquadrar a avalia\u00e7\u00e3o t\u00e9cnica e estrat\u00e9gica do pedido, atendendo \u00e0s suas compet\u00eancias e ao seu conhecimento aprofundado desta \u00e1rea a n\u00edvel nacional e internacional, tendo em vista a aprova\u00e7\u00e3o pr\u00e9via do Governo.<\/p>\n<p>\u201cLocalizado na Ilha de Santa Maria, nos A\u00e7ores, o Porto Espacial ASC tira partido de uma <strong>posi\u00e7\u00e3o estrat\u00e9gica \u00fanica<\/strong>, oferecendo uma gest\u00e3o simplificada do espa\u00e7o a\u00e9reo, <strong>proximidade \u00e0 Europa e \u00e0 Am\u00e9rica e condi\u00e7\u00f5es \u00f3timas<\/strong> para lan\u00e7amentos de sat\u00e9lites\u201d, diz a <a href=\"https:\/\/spaceport.pt\/\" data-wpel-link=\"external\" target=\"_blank\" rel=\"nofollow external noopener noreferrer\" class=\"ext-link\">ASC<\/a> no seu site.<\/p>\n<p>Segundo o cons\u00f3rcio, o <strong>tr\u00e1fego a\u00e9reo m\u00ednimo e a infraestrutura robusta<\/strong> da ilha de Santa Maria ajudam a garantir um <strong>acesso sustent\u00e1vel<\/strong> ao espa\u00e7o e com boa <strong>rela\u00e7\u00e3o custo-benef\u00edcio<\/strong>, o que permite que o local se transforme\u00a0 num centro global para <strong>atividades pioneiras de lan\u00e7amento e retorno<\/strong>.<\/p>\n<p>Aproveitando estas vantagens estrat\u00e9gicas, o futuro Porto Espacial poder\u00e1 permitir lan\u00e7amentos em <strong>\u00f3rbitas helioss\u00edncronas, polares ou outras<\/strong> \u00f3rbitas de menor inclina\u00e7\u00e3o, proporcionando maior flexibilidade e alcance aos objetivos das miss\u00f5es da ASC.<\/p>\n<p class=\"wp-caption-text top\">ASC<\/p>\n<p><img decoding=\"async\" loading=\"lazy\" class=\"wp-image-695538 size-full\" src=\"https:\/\/www.europesays.com\/pt\/wp-content\/uploads\/2025\/08\/0aa1ea9a5a04b78d4581dd6d17742627-1200x640.jpg\" alt=\"\" width=\"1200\" height=\"640\"  \/><\/p>\n<p>O processo \u00e9 feito em estreita colabora\u00e7\u00e3o com a <a href=\"https:\/\/www.anacom.pt\/\" target=\"_blank\" rel=\"noopener noreferrer nofollow external\" data-wpel-link=\"external\" class=\"ext-link\">ANACOM<\/a>, entidade respons\u00e1vel pela emiss\u00e3o da licen\u00e7a. Ap\u00f3s a atribui\u00e7\u00e3o das primeiras licen\u00e7as de lan\u00e7amento e comando e controlo de objetos espaciais, em 2024, Portugal assume j\u00e1 uma <strong>posi\u00e7\u00e3o relevante no setor espacial<\/strong>.<\/p>\n<p>\u201cA ANACOM promove uma regula\u00e7\u00e3o eficiente, potenciadora do crescente dinamismo e vitalidade do setor espacial, que representa um eixo importante da estrat\u00e9gia nacional\u201d, refere <strong>Sandra Maximiano<\/strong>, presidente da ANACOM.<\/p>\n<p>\u201cA ANACOM est\u00e1, por isso, empenhada em ter procedimentos de licenciamento \u00e1geis e que <strong>promovam a inova\u00e7\u00e3o e a constante evolu\u00e7\u00e3o<\/strong> das atividades espaciais nacionais\u201d, afirmou.<\/p>\n<p>A atribui\u00e7\u00e3o da licen\u00e7a \u00e0 ASC para operar o porto espacial em Santa Maria representa um passo concreto na consolida\u00e7\u00e3o das atividades espaciais a partir do territ\u00f3rio nacional, abrindo caminho \u00e0 instala\u00e7\u00e3o de infraestruturas operacionais nos A\u00e7ores e ao desenvolvimento de novos projetos com base em Portugal.<\/p>\n<p><strong>Segue-se o processo de licenciamento das opera\u00e7\u00f5es espaciais<\/strong> em concreto que venham a ser realizadas naquele porto espacial, sendo expect\u00e1vel que as primeiras opera\u00e7\u00f5es, nomeadamente <strong>voos suborbitais promovidos pela ASC<\/strong>, possam ocorrer j\u00e1 no decurso de 2026.<\/p>\n<p>Em paralelo, continuar\u00e3o os trabalhos para a cria\u00e7\u00e3o das infraestruturas necess\u00e1rias para o retorno de miss\u00f5es espaciais, incluindo o<strong> Space Rider<\/strong>, ve\u00edculo reutiliz\u00e1vel da ESA, que ter\u00e1 nos A\u00e7ores <a href=\"https:\/\/zap.aeiou.pt\/o-primeiro-voo-do-space-rider-da-esa-vai-provavelmente-aterrar-nos-acores-584083\" data-wpel-link=\"internal\" rel=\"nofollow noopener\" target=\"_blank\">o seu local de retorno<\/a>.<\/p>\n<p>    <a href=\"https:\/\/zap.aeiou.pt\/subscrever-newsletter\" data-wpel-link=\"internal\" rel=\"nofollow noopener\" target=\"_blank\">&#13;<br \/>\n        <img loading=\"lazy\" decoding=\"async\" class=\"aligncenter size-full wp-image-575475\" src=\"https:\/\/www.europesays.com\/pt\/wp-content\/uploads\/2025\/08\/1755434168_358_2d51fe4a0ba54894421ead1809309ed9-1-450x140.jpg\" alt=\"Subscreva a Newsletter ZAP\" width=\"450\" height=\"140\"\/>&#13;<br \/>\n    <\/a><\/p>\n<p>                <a href=\"https:\/\/whatsapp.com\/channel\/0029VaIC4EE2f3EJZPPSbR34\" data-wpel-link=\"external\" target=\"_blank\" rel=\"nofollow external noopener noreferrer\" class=\"ext-link\">&#13;<br \/>\n                    <img loading=\"lazy\" decoding=\"async\" class=\"aligncenter size-full wp-image-575475\" src=\"https:\/\/www.europesays.com\/pt\/wp-content\/uploads\/2025\/08\/1755434169_968_c68c559d956d4ca20f435ed74a6e71e6.png\" alt=\"Siga-nos no WhatsApp\" width=\"175\" height=\"64\"\/>&#13;<br \/>\n                <\/a><\/p>\n<p>                <a href=\"https:\/\/news.google.com\/publications\/CAAiEHRwZondIV71PDjWNoqMduEqFAgKIhB0cGaJ3SFe9Tw41jaKjHbh?hl=en-US&amp;gl=US&amp;ceid=US%3Aen\" data-wpel-link=\"external\" target=\"_blank\" rel=\"nofollow external noopener noreferrer\" class=\"ext-link\">&#13;<br \/>\n                    <img loading=\"lazy\" decoding=\"async\" class=\"aligncenter size-full wp-image-575475\" src=\"https:\/\/www.europesays.com\/pt\/wp-content\/uploads\/2025\/08\/1755434170_730_5123dd8b087b644fdb8f8603acd1bad4.png\" alt=\"Siga-nos no Google News\" width=\"176\" height=\"64\"\/>&#13;<br \/>\n                <\/a><\/p>\n","protected":false},"excerpt":{"rendered":"ASC Centro de Lan\u00e7amento Espacial da ASC vai ser constru\u00eddo na Malbusca, na ilha de Santa Maria, nos&hellip;\n","protected":false},"author":2,"featured_media":38396,"comment_status":"","ping_status":"","sticky":false,"template":"","format":"standard","meta":{"footnotes":""},"categories":[10],"tags":[351,27,28,269,9867,1008,15,16,14,25,26,21,22,12,13,19,20,32,23,24,33,17,18,29,30,31],"class_list":{"0":"post-38395","1":"post","2":"type-post","3":"status-publish","4":"format-standard","5":"has-post-thumbnail","7":"category-portugal","8":"tag-acores","9":"tag-breaking-news","10":"tag-breakingnews","11":"tag-capa","12":"tag-esa","13":"tag-espaco","14":"tag-featured-news","15":"tag-featurednews","16":"tag-headlines","17":"tag-latest-news","18":"tag-latestnews","19":"tag-main-news","20":"tag-mainnews","21":"tag-news","22":"tag-noticias","23":"tag-noticias-principais","24":"tag-noticiasprincipais","25":"tag-portugal","26":"tag-principais-noticias","27":"tag-principaisnoticias","28":"tag-pt","29":"tag-top-stories","30":"tag-topstories","31":"tag-ultimas","32":"tag-ultimas-noticias","33":"tag-ultimasnoticias"},"share_on_mastodon":{"url":"","error":""},"_links":{"self":[{"href":"https:\/\/www.europesays.com\/pt\/wp-json\/wp\/v2\/posts\/38395","targetHints":{"allow":["GET"]}}],"collection":[{"href":"https:\/\/www.europesays.com\/pt\/wp-json\/wp\/v2\/posts"}],"about":[{"href":"https:\/\/www.europesays.com\/pt\/wp-json\/wp\/v2\/types\/post"}],"author":[{"embeddable":true,"href":"https:\/\/www.europesays.com\/pt\/wp-json\/wp\/v2\/users\/2"}],"replies":[{"embeddable":true,"href":"https:\/\/www.europesays.com\/pt\/wp-json\/wp\/v2\/comments?post=38395"}],"version-history":[{"count":0,"href":"https:\/\/www.europesays.com\/pt\/wp-json\/wp\/v2\/posts\/38395\/revisions"}],"wp:featuredmedia":[{"embeddable":true,"href":"https:\/\/www.europesays.com\/pt\/wp-json\/wp\/v2\/media\/38396"}],"wp:attachment":[{"href":"https:\/\/www.europesays.com\/pt\/wp-json\/wp\/v2\/media?parent=38395"}],"wp:term":[{"taxonomy":"category","embeddable":true,"href":"https:\/\/www.europesays.com\/pt\/wp-json\/wp\/v2\/categories?post=38395"},{"taxonomy":"post_tag","embeddable":true,"href":"https:\/\/www.europesays.com\/pt\/wp-json\/wp\/v2\/tags?post=38395"}],"curies":[{"name":"wp","href":"https:\/\/api.w.org\/{rel}","templated":true}]}}