{"id":384491,"date":"2026-05-17T03:18:18","date_gmt":"2026-05-17T03:18:18","guid":{"rendered":"https:\/\/www.europesays.com\/pt\/384491\/"},"modified":"2026-05-17T03:18:18","modified_gmt":"2026-05-17T03:18:18","slug":"clevelandia-promove-campanha-de-vacinacao-contra-brucelose-diario-do-sudoeste","status":"publish","type":"post","link":"https:\/\/www.europesays.com\/pt\/384491\/","title":{"rendered":"Clevel\u00e2ndia promove campanha de vacina\u00e7\u00e3o contra brucelose &#8211; Di\u00e1rio do Sudoeste"},"content":{"rendered":"<p>A Prefeitura de Clevel\u00e2ndia, por meio da Secretaria Municipal de Desenvolvimento Rural e Meio Ambiente, realizar\u00e1 entre os dias 25 de maio e 2 de junho de 2026 a campanha de vacina\u00e7\u00e3o contra a brucelose no munic\u00edpio.<\/p>\n<p>A a\u00e7\u00e3o \u00e9 voltada \u00e0 prote\u00e7\u00e3o do rebanho bovino e busca fortalecer o controle sanit\u00e1rio da pecu\u00e1ria local, garantindo mais seguran\u00e7a e efici\u00eancia na produ\u00e7\u00e3o rural.<\/p>\n<p>Vacina\u00e7\u00e3o ser\u00e1 aplicada em bezerras de 3 a 8 meses<\/p>\n<p>De acordo com a programa\u00e7\u00e3o divulgada pela administra\u00e7\u00e3o municipal, as vacinas ser\u00e3o aplicadas exclusivamente em bezerras com idade entre 3 e 8 meses.<\/p>\n<p>A campanha refor\u00e7a a import\u00e2ncia do controle da brucelose, doen\u00e7a infecciosa que pode comprometer a produtividade do rebanho e gerar preju\u00edzos econ\u00f4micos aos produtores rurais.<\/p>\n<p>A Prefeitura tamb\u00e9m orienta que os animais estejam fechados no momento da vacina\u00e7\u00e3o e que o propriet\u00e1rio respons\u00e1vel acompanhe o procedimento, j\u00e1 que a presen\u00e7a \u00e9 considerada indispens\u00e1vel.<\/p>\n<p>Comunidades ter\u00e3o cronograma espec\u00edfico<\/p>\n<p>A vacina\u00e7\u00e3o ser\u00e1 realizada em diferentes comunidades do interior de Clevel\u00e2ndia, seguindo um cronograma organizado por datas e localidades.<\/p>\n<p>No dia 25 de maio, a campanha atender\u00e1 as comunidades de Navegantes, S\u00e3o Jos\u00e9, S\u00e3o Roque e Nossa Senhora de F\u00e1tima.<\/p>\n<p>J\u00e1 no dia 26 de maio, os atendimentos ocorrer\u00e3o em Paiol Grande, Serrano Alto e Baixo, S\u00e3o Jo\u00e3o e Vila S\u00e3o Luiz.<\/p>\n<p>No dia 27 de maio, a vacina\u00e7\u00e3o chega \u00e0s localidades de Fazenda Moraes, Projeto Buti\u00e1 e Acampamento M\u00e3e dos Pobres.<\/p>\n<p>A programa\u00e7\u00e3o segue em 28 de maio nas comunidades de Campo Alto\/Ria Vila, Passo do Le\u00e3o, Acampamento Jo\u00e3o Paulo II e Acampamento Terra Livre.<\/p>\n<p>No dia 29 de maio, ser\u00e3o atendidas Santa Maria e as sedes de ch\u00e1caras no entorno da cidade.<\/p>\n<p>J\u00e1 em 1\u00ba de junho, a vacina\u00e7\u00e3o ocorrer\u00e1 em Rinc\u00e3o Torcido, Cachoeira do Banho e Polon\u00eas. O encerramento da campanha est\u00e1 previsto para 2 de junho, na comunidade KM 8.<\/p>\n<p>Inscri\u00e7\u00f5es devem ser feitas em cada comunidade<\/p>\n<p>Segundo a <a href=\"https:\/\/clevelandia.pr.gov.br\" rel=\"nofollow noopener\" target=\"_blank\">Prefeitura<\/a>, cada comunidade contar\u00e1 com um local espec\u00edfico para inscri\u00e7\u00e3o dos produtores interessados. A orienta\u00e7\u00e3o \u00e9 que os propriet\u00e1rios procurem os pontos indicados antecipadamente para garantir participa\u00e7\u00e3o na campanha.<\/p>\n<p>A administra\u00e7\u00e3o municipal destaca que a vacina\u00e7\u00e3o \u00e9 uma medida fundamental para manter a sanidade animal e fortalecer a produ\u00e7\u00e3o agropecu\u00e1ria do munic\u00edpio.<\/p>\n","protected":false},"excerpt":{"rendered":"A Prefeitura de Clevel\u00e2ndia, por meio da Secretaria Municipal de Desenvolvimento Rural e Meio Ambiente, realizar\u00e1 entre os&hellip;\n","protected":false},"author":2,"featured_media":384492,"comment_status":"","ping_status":"","sticky":false,"template":"","format":"standard","meta":{"footnotes":"","_share_on_mastodon":"0"},"categories":[86],"tags":[562,21181,64225,116,4127,4907,32,63102,33,26755,117,64226],"class_list":["post-384491","post","type-post","status-publish","format-standard","has-post-thumbnail","category-saude","tag-agricultura","tag-brucelose","tag-clevelandia","tag-health","tag-parana","tag-pecuaria","tag-portugal","tag-produtores-rurais","tag-pt","tag-sanidade-animal","tag-saude","tag-vacinacao-animal"],"share_on_mastodon":{"url":"https:\/\/pubeurope.com\/@pt\/116587757920175657","error":""},"_links":{"self":[{"href":"https:\/\/www.europesays.com\/pt\/wp-json\/wp\/v2\/posts\/384491","targetHints":{"allow":["GET"]}}],"collection":[{"href":"https:\/\/www.europesays.com\/pt\/wp-json\/wp\/v2\/posts"}],"about":[{"href":"https:\/\/www.europesays.com\/pt\/wp-json\/wp\/v2\/types\/post"}],"author":[{"embeddable":true,"href":"https:\/\/www.europesays.com\/pt\/wp-json\/wp\/v2\/users\/2"}],"replies":[{"embeddable":true,"href":"https:\/\/www.europesays.com\/pt\/wp-json\/wp\/v2\/comments?post=384491"}],"version-history":[{"count":0,"href":"https:\/\/www.europesays.com\/pt\/wp-json\/wp\/v2\/posts\/384491\/revisions"}],"wp:featuredmedia":[{"embeddable":true,"href":"https:\/\/www.europesays.com\/pt\/wp-json\/wp\/v2\/media\/384492"}],"wp:attachment":[{"href":"https:\/\/www.europesays.com\/pt\/wp-json\/wp\/v2\/media?parent=384491"}],"wp:term":[{"taxonomy":"category","embeddable":true,"href":"https:\/\/www.europesays.com\/pt\/wp-json\/wp\/v2\/categories?post=384491"},{"taxonomy":"post_tag","embeddable":true,"href":"https:\/\/www.europesays.com\/pt\/wp-json\/wp\/v2\/tags?post=384491"}],"curies":[{"name":"wp","href":"https:\/\/api.w.org\/{rel}","templated":true}]}}