{"id":38450,"date":"2025-08-21T09:01:29","date_gmt":"2025-08-21T09:01:29","guid":{"rendered":"https:\/\/www.europesays.com\/pt\/38450\/"},"modified":"2025-08-21T09:01:29","modified_gmt":"2025-08-21T09:01:29","slug":"tenho-informacoes-bastante-preocupantes-luis-filipe-vieira-e-candidato-a-presidencia-do-benfica","status":"publish","type":"post","link":"https:\/\/www.europesays.com\/pt\/38450\/","title":{"rendered":"&#8220;Tenho informa\u00e7\u00f5es bastante preocupantes&#8221;. Lu\u00eds Filipe Vieira \u00e9 candidato \u00e0 presid\u00eancia do Benfica"},"content":{"rendered":"<p class=\"wp-caption-text top\">Ant\u00f3nio Pedro Santos \/ Lusa<\/p>\n<p><img decoding=\"async\" loading=\"lazy\" class=\"wp-image-695649 size-kopa-image-size-3\" src=\"https:\/\/www.europesays.com\/pt\/wp-content\/uploads\/2025\/08\/c4ca4238a0b923820dcc509a6f75849b-13-783x450.jpg\" alt=\"\" width=\"700\" height=\"402\"  \/><\/p>\n<p class=\"wp-caption-text bot\">Lu\u00eds Filipe Vieira, ex-presidente do Benfica<\/p>\n<p><strong>O ex-presidente do Benfica, Lu\u00eds Filipe Vieira, vai voltar a candidatar-se \u00e0 presid\u00eancia das \u00e1guias, para tentar salvar o \u201clegado\u201d que deixou e diz estar a ser destru\u00eddo. Em 2022 tinha dito que n\u00e3o voltaria ao cargo, \u201cnem que Cristo descesse \u00e0 terra\u201d.<\/strong><\/p>\n<p>\u201c<strong>Vou ser candidato.<\/strong> Tem tudo a ver com o legado que eu deixei no Benfica. Deixei um legado muito importante no Benfica, um legado que ningu\u00e9m igualou. Deixei o clube com um patrim\u00f3nio como nunca teve. Deixei o patrim\u00f3nio pago. Deixei um clube com uma estrutura profissional devidamente organizada, que era admirada em termos europeus. Deixei uma casa como nunca ningu\u00e9m a tinha deixado. Ao longo destes quatro anos, <strong>tudo foi destru\u00eddo, menos o patrim\u00f3nio<\/strong>\u201c.<\/p>\n<p>A revela\u00e7\u00e3o foi feita na noite desta ter\u00e7a-feira em entrevista \u00e0 TVI\/CNN Portugal. <strong>Lu\u00eds Filipe Vieira<\/strong> entra, assim, na corrida \u00e0 presid\u00eancia do Benfica, contra o atual presidente, Rui Costa, Jo\u00e3o Diogo Manteigas, Crist\u00f3v\u00e3o Carvalho, Martim Mayer e Jo\u00e3o Noronha Lopes, que o pr\u00f3prio derrotou no escrut\u00ednio de 2020.<\/p>\n<p>Lu\u00eds Filipe Vieira liderou o Benfica durante 17 anos, entre outubro de 2003 e junho de\u00a02021, tendo <strong>deixado o cargo na sequ\u00eancia da sua deten\u00e7\u00e3o<\/strong> no \u00e2mbito da opera\u00e7\u00e3o <a href=\"https:\/\/zap.aeiou.pt\/tag\/operacao-cartao-vermelho\" data-wpel-link=\"internal\" rel=\"nofollow noopener\" target=\"_blank\">Cart\u00e3o Vermelho<\/a>.<\/p>\n<p>Rui Costa, ent\u00e3o vice-presidente do clube, assumiu o lugar interinamente ap\u00f3s a demiss\u00e3o de Vieira, tendo vencido depois Francisco Ben\u00edtez no ato eleitoral de outubro de 2021.<\/p>\n<p>Em 2022, Vieira tinha dito que n\u00e3o voltaria a ser presidente do Benfica, \u201cnem que Cristo descesse \u00e0 terra\u201d. No entanto, <strong>\u201cas circunst\u00e2ncias mudaram todas\u201d<\/strong>, justificou o empres\u00e1rio de 76 anos.<\/p>\n<p>\u201cEm junho n\u00e3o pensava nunca candidatar-me \u00e0 presid\u00eancia do Benfica. Entretanto, <strong>tive informa\u00e7\u00f5es bastante preocupantes sobre o Benfica<\/strong>. Financeiramente, tenho a certeza de que o Benfica vai passar problemas grav\u00edssimos\u201d, apontou.<\/p>\n<p>\u201cUma das coisas que eu disse ao Rui quando foi para ser presidente do Benfica foi <strong>\u2018n\u00e3o me mexas na estrutura profissional\u2019. Se n\u00e3o, vais ter problemas<\/strong> (\u2026) Hoje, o Benfica n\u00e3o tem estrutura\u201d, apontou Vieira.<\/p>\n<p><strong>Vieira acusou Rui Costa de n\u00e3o ter car\u00e1ter<\/strong>, porque o \u201ctentou ignorar estes anos todos\u201d, ap\u00f3s ser seu bra\u00e7o direito. \u201cQuando tomou posse, nem falou de mim\u201d, lamentou o ex-l\u00edder das \u00e1guias. \u201cO Benfica est\u00e1 h\u00e1 muito anos sem lideran\u00e7a, est\u00e1 sem estrat\u00e9gia alguma\u201d.<\/p>\n<p>Na Opera\u00e7\u00e3o Cart\u00e3o Vermelho, <strong>Lu\u00eds Filipe Vieira \u00e9 acusado de ter lesado o Estado, o Novo Banco e a SAD do Benfica em 100 milh\u00f5es de euros<\/strong>, num processo que come\u00e7ar\u00e1 a ser julgado j\u00e1 depois das elei\u00e7\u00f5es de outubro. No entanto, o empres\u00e1rio acredita que a sua candidatura em nada prejudicar\u00e1 o Benfica: \u201cconfio na justi\u00e7a e confio naquilo que eu fiz \u2013 que n\u00e3o foi nada, <strong>sou inocente<\/strong>\u201c.<\/p>\n<p>Nesta entrevista, Vieira voltou a sublinhar os sacrif\u00edcios que fez pelo Benfica. \u201cEntrei com milh\u00f5es de euros depositados, e sa\u00ed com muito menos (\u2026) talvez tenha <strong>desperdi\u00e7ado a minha vida em prol do Benfica<\/strong>. Zelei mais pelo Benfica do que devia ter zelado por mim pr\u00f3prio (\u2026) Se tivesse beneficiado do Benfica, estava rico (\u2026) <strong>perdi muito dinheiro no Benfica<\/strong>\u201c, repetiu.<\/p>\n<p>Eleito pela primeira vez presidente do Benfica em 2003, na altura vencendo a oposi\u00e7\u00e3o de Jaime Antunes e Guerra Madaleno para suceder a Manuel Vilarinho, <strong>Vieira teve a lideran\u00e7a mais longa da hist\u00f3ria das \u00e1guias<\/strong>.<\/p>\n<p>Nos 17 anos em que comandou os destinos do emblema lisboeta, a equipa principal de futebol <strong>conquistou sete t\u00edtulos de campe\u00e3o nacional<\/strong> (2004\/05, 2009\/10, 2013\/14, 2014\/15, 2015\/16, 2016\/17 e 2018\/19), al\u00e9m de sete ta\u00e7as da Liga (2008\/09, 2009\/10, 2010\/11, 2011\/12, 2013\/14, 2014\/15 e 2015\/16), cinco superta\u00e7as C\u00e2ndido de Oliveira (2005, 2014, 2016, 2017 e 2019) e tr\u00eas ta\u00e7as de Portugal (2003\/04, 2013\/14 e 2016\/17).<\/p>\n<p>As elei\u00e7\u00f5es para os \u00f3rg\u00e3os sociais do Benfica est\u00e3o agendadas para 25 de outubro, sendo j\u00e1 conhecidos seis candidatos \u00e0 lideran\u00e7a do clube. Al\u00e9m de Vieira, concorrem <strong>Rui Costa<\/strong>, os advogados <strong>Jo\u00e3o Diogo Manteigas<\/strong> e <strong>Crist\u00f3v\u00e3o Carvalho<\/strong>, o gestor <strong>Jo\u00e3o Noronha Lopes<\/strong> e o industrial <strong>Martim Borges Coutinho Mayer<\/strong>.<\/p>\n<p style=\"padding-left: 25px; margin-bottom: 10; font-family: Roboto, Arial, Helvetica, sans-serif; font-size: 15px\">&#13;<br \/>\n        Miguel Esteves, ZAP \/\/ <a href=\"\" data-wpel-link=\"internal\">Lusa<\/a>&#13;\n    <\/p>\n<p>    <a href=\"https:\/\/zap.aeiou.pt\/subscrever-newsletter\" data-wpel-link=\"internal\" rel=\"nofollow noopener\" target=\"_blank\">&#13;<br \/>\n        <img loading=\"lazy\" decoding=\"async\" class=\"aligncenter size-full wp-image-575475\" src=\"https:\/\/www.europesays.com\/pt\/wp-content\/uploads\/2025\/08\/1755434168_358_2d51fe4a0ba54894421ead1809309ed9-1-450x140.jpg\" alt=\"Subscreva a Newsletter ZAP\" width=\"450\" height=\"140\"\/>&#13;<br \/>\n    <\/a><\/p>\n<p>                <a href=\"https:\/\/whatsapp.com\/channel\/0029VaIC4EE2f3EJZPPSbR34\" data-wpel-link=\"external\" target=\"_blank\" rel=\"nofollow external noopener noreferrer\" class=\"ext-link\">&#13;<br \/>\n                    <img loading=\"lazy\" decoding=\"async\" class=\"aligncenter size-full wp-image-575475\" src=\"https:\/\/www.europesays.com\/pt\/wp-content\/uploads\/2025\/08\/1755434169_968_c68c559d956d4ca20f435ed74a6e71e6.png\" alt=\"Siga-nos no WhatsApp\" width=\"175\" height=\"64\"\/>&#13;<br \/>\n                <\/a><\/p>\n<p>                <a href=\"https:\/\/news.google.com\/publications\/CAAiEHRwZondIV71PDjWNoqMduEqFAgKIhB0cGaJ3SFe9Tw41jaKjHbh?hl=en-US&amp;gl=US&amp;ceid=US%3Aen\" data-wpel-link=\"external\" target=\"_blank\" rel=\"nofollow external noopener noreferrer\" class=\"ext-link\">&#13;<br \/>\n                    <img loading=\"lazy\" decoding=\"async\" class=\"aligncenter size-full wp-image-575475\" src=\"https:\/\/www.europesays.com\/pt\/wp-content\/uploads\/2025\/08\/1755434170_730_5123dd8b087b644fdb8f8603acd1bad4.png\" alt=\"Siga-nos no Google News\" width=\"176\" height=\"64\"\/>&#13;<br \/>\n                <\/a><\/p>\n","protected":false},"excerpt":{"rendered":"Ant\u00f3nio Pedro Santos \/ Lusa Lu\u00eds Filipe Vieira, ex-presidente do Benfica O ex-presidente do Benfica, Lu\u00eds Filipe Vieira,&hellip;\n","protected":false},"author":2,"featured_media":38451,"comment_status":"","ping_status":"","sticky":false,"template":"","format":"standard","meta":{"footnotes":""},"categories":[87],"tags":[51,135,5049,11855,32,33,6058,134],"class_list":{"0":"post-38450","1":"post","2":"type-post","3":"status-publish","4":"format-standard","5":"has-post-thumbnail","7":"category-desporto","8":"tag-benfica","9":"tag-desporto","10":"tag-luis-filipe-vieira","11":"tag-operacao-cartao-vermelho","12":"tag-portugal","13":"tag-pt","14":"tag-rui-costa","15":"tag-sports"},"share_on_mastodon":{"url":"","error":""},"_links":{"self":[{"href":"https:\/\/www.europesays.com\/pt\/wp-json\/wp\/v2\/posts\/38450","targetHints":{"allow":["GET"]}}],"collection":[{"href":"https:\/\/www.europesays.com\/pt\/wp-json\/wp\/v2\/posts"}],"about":[{"href":"https:\/\/www.europesays.com\/pt\/wp-json\/wp\/v2\/types\/post"}],"author":[{"embeddable":true,"href":"https:\/\/www.europesays.com\/pt\/wp-json\/wp\/v2\/users\/2"}],"replies":[{"embeddable":true,"href":"https:\/\/www.europesays.com\/pt\/wp-json\/wp\/v2\/comments?post=38450"}],"version-history":[{"count":0,"href":"https:\/\/www.europesays.com\/pt\/wp-json\/wp\/v2\/posts\/38450\/revisions"}],"wp:featuredmedia":[{"embeddable":true,"href":"https:\/\/www.europesays.com\/pt\/wp-json\/wp\/v2\/media\/38451"}],"wp:attachment":[{"href":"https:\/\/www.europesays.com\/pt\/wp-json\/wp\/v2\/media?parent=38450"}],"wp:term":[{"taxonomy":"category","embeddable":true,"href":"https:\/\/www.europesays.com\/pt\/wp-json\/wp\/v2\/categories?post=38450"},{"taxonomy":"post_tag","embeddable":true,"href":"https:\/\/www.europesays.com\/pt\/wp-json\/wp\/v2\/tags?post=38450"}],"curies":[{"name":"wp","href":"https:\/\/api.w.org\/{rel}","templated":true}]}}