{"id":384520,"date":"2026-05-17T04:07:21","date_gmt":"2026-05-17T04:07:21","guid":{"rendered":"https:\/\/www.europesays.com\/pt\/384520\/"},"modified":"2026-05-17T04:07:21","modified_gmt":"2026-05-17T04:07:21","slug":"sofia-sousa-novamente-mae-veja-a-imagem","status":"publish","type":"post","link":"https:\/\/www.europesays.com\/pt\/384520\/","title":{"rendered":"Sofia Sousa novamente m\u00e3e? Veja a imagem!"},"content":{"rendered":"<p>No Instagram, Bruno, namorado de <a href=\"https:\/\/selfie.iol.pt\/famosos\/casa-dos-segredos\/namorado-de-sofia-sousa-surge-muito-diferente-e-a-ex-concorrente-de-secret-story-nao-resiste\/20260510\/6a00e656d34edcee7c63fb93\" target=\"_blank\" rel=\"nofollow noopener\">Sofia Sousa<\/a>, mostrou-se dispon\u00edvel para responder a algumas quest\u00f5es e curiosidades dos seguidores.<\/p>\n<p>Por exemplo, o jovem esclareceu se o casal pretende ter filhos em comum. &#8220;Sim, j\u00e1 houve essa conversa algumas vezes. A Sofia tem esse sonho e tamb\u00e9m \u00e9 um sonho meu&#8221;, come\u00e7ou por responder.<\/p>\n<p>&#8220;N\u00e3o sei quando&#8221;, completou, referindo-se ao per\u00edodo em que Sofia Sousa poder\u00e1 ser novamente m\u00e3e.<\/p>\n<p>Recorde-se que Sofia Sousa j\u00e1 \u00e9 m\u00e3e de Yasmin Dafne, de 13 anos, fruto de um anterior relacionamento com <a href=\"https:\/\/selfie.iol.pt\/famosos\/yasmin-dafne\/esta-tao-crescida-em-imagens-ineditas-filha-de-sofia-sousa-e-tierry-vilson-celebra-aniversario\/20260406\/69d402efd34e28842c82981d\" target=\"_blank\" rel=\"nofollow noopener\">Tierry Vilson<\/a>.<\/p>\n<p>Veja, agora, algumas das melhores imagens de Sofia Sousa nas galerias de fotografias que prepar\u00e1mos para si.<\/p>\n<p><img decoding=\"async\" alt=\"\" onclick=\"\" src=\"https:\/\/www.europesays.com\/pt\/wp-content\/uploads\/2026\/05\/1778990841_74_1024.webp\" title=\"Sofia Sousa\"\/><\/p>\n","protected":false},"excerpt":{"rendered":"No Instagram, Bruno, namorado de Sofia Sousa, mostrou-se dispon\u00edvel para responder a algumas quest\u00f5es e curiosidades dos seguidores.&hellip;\n","protected":false},"author":2,"featured_media":384521,"comment_status":"","ping_status":"","sticky":false,"template":"","format":"standard","meta":{"footnotes":"","_share_on_mastodon":"0"},"categories":[145],"tags":[2632,211,210,114,115,981,980,1870,1015,619,32,33,1014,1315,1012,20860,162],"class_list":["post-384520","post","type-post","status-publish","format-standard","has-post-thumbnail","category-celebridades","tag-casa-dos-segredos","tag-celebridades","tag-celebrities","tag-entertainment","tag-entretenimento","tag-familia","tag-famosos","tag-filhos","tag-instagram","tag-nacional","tag-portugal","tag-pt","tag-reality-show","tag-secret-story","tag-selfie","tag-sofia-sousa","tag-tvi"],"share_on_mastodon":{"url":"https:\/\/pubeurope.com\/@pt\/116587951009437344","error":""},"_links":{"self":[{"href":"https:\/\/www.europesays.com\/pt\/wp-json\/wp\/v2\/posts\/384520","targetHints":{"allow":["GET"]}}],"collection":[{"href":"https:\/\/www.europesays.com\/pt\/wp-json\/wp\/v2\/posts"}],"about":[{"href":"https:\/\/www.europesays.com\/pt\/wp-json\/wp\/v2\/types\/post"}],"author":[{"embeddable":true,"href":"https:\/\/www.europesays.com\/pt\/wp-json\/wp\/v2\/users\/2"}],"replies":[{"embeddable":true,"href":"https:\/\/www.europesays.com\/pt\/wp-json\/wp\/v2\/comments?post=384520"}],"version-history":[{"count":0,"href":"https:\/\/www.europesays.com\/pt\/wp-json\/wp\/v2\/posts\/384520\/revisions"}],"wp:featuredmedia":[{"embeddable":true,"href":"https:\/\/www.europesays.com\/pt\/wp-json\/wp\/v2\/media\/384521"}],"wp:attachment":[{"href":"https:\/\/www.europesays.com\/pt\/wp-json\/wp\/v2\/media?parent=384520"}],"wp:term":[{"taxonomy":"category","embeddable":true,"href":"https:\/\/www.europesays.com\/pt\/wp-json\/wp\/v2\/categories?post=384520"},{"taxonomy":"post_tag","embeddable":true,"href":"https:\/\/www.europesays.com\/pt\/wp-json\/wp\/v2\/tags?post=384520"}],"curies":[{"name":"wp","href":"https:\/\/api.w.org\/{rel}","templated":true}]}}