{"id":38493,"date":"2025-08-21T10:05:07","date_gmt":"2025-08-21T10:05:07","guid":{"rendered":"https:\/\/www.europesays.com\/pt\/38493\/"},"modified":"2025-08-21T10:05:07","modified_gmt":"2025-08-21T10:05:07","slug":"a-reacao-de-rob-halford-a-morte-de-ozzy-osbourne","status":"publish","type":"post","link":"https:\/\/www.europesays.com\/pt\/38493\/","title":{"rendered":"A rea\u00e7\u00e3o de Rob Halford \u00e0 morte de Ozzy Osbourne"},"content":{"rendered":"\n<p><strong><a href=\"https:\/\/igormiranda.com.br\/tag\/rob-halford\/\" target=\"_blank\" rel=\"noreferrer noopener nofollow\">Rob Halford<\/a><\/strong> e <strong><a href=\"https:\/\/igormiranda.com.br\/tag\/ozzy-osbourne\/\" target=\"_blank\" rel=\"noreferrer noopener nofollow\">Ozzy Osbourne<\/a><\/strong> tinham uma rela\u00e7\u00e3o m\u00fatua de respeito. O vocalista do <strong><a href=\"https:\/\/igormiranda.com.br\/tag\/judas-priest\/\" target=\"_blank\" rel=\"noreferrer noopener nofollow\">Judas Priest<\/a><\/strong> nunca escondeu a admira\u00e7\u00e3o pelo Pr\u00edncipe das Trevas e por seu trabalho no <strong><a href=\"https:\/\/igormiranda.com.br\/tag\/black-sabbath\/\" target=\"_blank\" rel=\"noreferrer noopener nofollow\">Black Sabbath<\/a><\/strong>, <a href=\"https:\/\/www.loudersound.com\/features\/what-do-black-sabbath-mean-to-judas-priest\" target=\"_blank\" rel=\"noreferrer noopener nofollow\">que o inspirou como cantor logo no in\u00edcio de sua trajet\u00f3ria musical<\/a>, enquanto que o Madman considerava o Metal God <a href=\"https:\/\/rockandrollgarage.com\/ozzy-osbourne-opinion-on-judas-priest-and-rob-halford\/\" target=\"_blank\" rel=\"noreferrer noopener nofollow\">um de seus cantores favoritos<\/a>.\u00a0<\/p>\n<p>Por isso, a morte de Ozzy no dia \u00faltimo dia 22 de julho deixou Rob em choque. Ap\u00f3s receber um telefonema com a not\u00edcia, o vocalista disse em recente entrevista \u00e0 r\u00e1dio <a href=\"https:\/\/www.youtube.com\/watch?v=QJtAktd3Tqw\" target=\"_blank\" rel=\"noreferrer noopener nofollow\">WRIF<\/a> (transcrita pelo <a href=\"https:\/\/blabbermouth.net\/news\/rob-halford-on-his-reaction-to-ozzy-osbournes-death-i-just-curled-up-in-a-ball-and-bawled-my-eyes-out-for-hours\" target=\"_blank\" rel=\"noreferrer noopener nofollow\">Blabbermouth<\/a>) que chorou em posi\u00e7\u00e3o fetal por horas no quarto de hotel em que estava.<\/p>\n<p>&#8211; Advertisement &#8211;<\/p>\n<p>Ele afirmou:<\/p>\n<p>\u201cEu recebi uma liga\u00e7\u00e3o no dia em que [a morte do Ozzy] aconteceu. Acho que eu estava em Leeds, na Inglaterra. Eu simplesmente larguei o telefone no quarto do hotel e me encolhi em posi\u00e7\u00e3o fetal. Fiquei chorando por horas. Eu simplesmente n\u00e3o conseguia acreditar. Ainda n\u00e3o consigo acreditar at\u00e9 agora. Ainda estou de luto, como tantas outras pessoas.\u201d<\/p>\n<p>No dia seguinte, o Priest tinha um show marcado em Scarborough, na Inglaterra. Para a m\u00fasica <strong>\u201cGians in the Sky\u201d<\/strong>, na qual a banda homenageia \u00edcones da m\u00fasica que partiram, os m\u00fasicos optaram por colocar uma foto de Ozzy nos tel\u00f5es como um tributo. Rob relembrou o fato e explicou por que seguiram com a apresenta\u00e7\u00e3o em um momento t\u00e3o dif\u00edcil:\u00a0\u00a0<\/p>\n<p>\u201cNo dia seguinte t\u00ednhamos um show. Fizemos o show e chegamos \u00e0 m\u00fasica \u2018Giants In The Sky\u2019, do \u00e1lbum <strong>\u2018Invincible Shield\u2019<\/strong>, que fala sobre pessoas da m\u00fasica que amamos e que partiram. N\u00f3s homenageamos <strong>Lemmy<\/strong>, <strong>Ronnie<\/strong> [<strong>James Dio<\/strong>], <strong>Paul Di\u2019Anno<\/strong>, <strong>Jill<\/strong> [<strong>Janus<\/strong>], <strong>Chris<\/strong> [<strong>Cornell<\/strong>], e tantos outros grandes nomes, como <strong>Janis Joplin<\/strong> e <strong>Freddie Mercury<\/strong>. E naquele show n\u00f3s acrescentamos o Ozzy no final. E eu disse: \u00e9 dif\u00edcil tentar compreender, \u00e9 muito dif\u00edcil, mas o Ozzy diria: \u2018Vamos festejar, fazer rock and roll, viver intensamente e aproveitar\u2019. Isso estava no cora\u00e7\u00e3o dele, na alma dele, no esp\u00edrito dele. Sempre que faz\u00edamos shows juntos, ele dizia para mim depois: \u2018Voc\u00ea se divertiu? Voc\u00ea realmente se divertiu?\u2019. O que ele transmitia de si para os f\u00e3s, para todos n\u00f3s, era a generosidade, o carinho, todas as coisas incr\u00edveis que fez na m\u00fasica. Ele era a personifica\u00e7\u00e3o da bondade nesse sentido. \u00c9 maravilhoso estarmos falando sobre ele agora e precisamos continuar falando sobre ele para sempre, assim como sempre falo sobre o Ronnie, falo sobre o Lemmy. Todos eram meus amigos. E precisamos celebrar. Essa \u00e9 a forma de ajudar a superar o luto. Voc\u00ea pensa nas lembran\u00e7as, na alegria, nos bons momentos, e \u00e9 isso que sempre faremos com o Ozzy.\u201d<\/p>\n<p> Lembran\u00e7as favoritas de Ozzy Osbourne <\/p>\n<p>Ao longo dos anos, a rela\u00e7\u00e3o profissional entre os dois vocalistas de Birmingham tamb\u00e9m virou uma amizade. Ainda que n\u00e3o estivessem conversando com tanta frequ\u00eancia e que a excurs\u00e3o conjunta que iriam fazer em 2019 tenha sido cancelada, Rob Halford guarda muitas lembran\u00e7as envolvendo o saudoso Pr\u00edncipe das Trevas.<\/p>\n<p>Entre as suas favoritas, est\u00e3o as duas vezes em que cantou com o Sabbath em 1992 e 2004 e a releitura feita pelo Priest de <strong>\u201cWar Pigs\u201d<\/strong> para homenagear a banda no \u00faltimo m\u00eas de julho. Ele destacou:\u00a0<\/p>\n<p>\u201cN\u00f3s troc\u00e1vamos mensagens de vez em quando. Porque ele era mais um daqueles caras por quem eu sentia uma admira\u00e7\u00e3o enorme. Ainda sinto isso em rela\u00e7\u00e3o ao <strong>Alice<\/strong> [<strong>Cooper<\/strong>]. [Risos] E eu tinha exatamente a mesma sensa\u00e7\u00e3o sempre que estava na presen\u00e7a do Ozzy, porque ele tinha uma personalidade gigante. J\u00e1 fazia um tempo que n\u00e3o est\u00e1vamos em contato, mas eu guardo lembran\u00e7as maravilhosas das duas vezes em que tive a oportunidade de cantar no Sabbath. E tamb\u00e9m dessa chance mais recente de tocar \u2018War Pigs\u2019 [com o Priest], m\u00fasicas que usamos para abrir o nosso show antes de subirmos ao palco. \u00c9 uma das maiores m\u00fasicas de metal j\u00e1 compostas.\u201d<\/p>\n<p>  Rob Halford como vocalista do Black Sabbath <\/p>\n<p>Em 14 e 15 de novembro de 1992, Rob Halford assumiu o microfone nas apresenta\u00e7\u00f5es da banda durante o que seriam os \u00faltimos shows da carreira de Ozzy Osbourne. Insultado com a ideia de abrir para seu rival, Ronnie James Dio abandonou o barco, deixando os colegas \u00e0 deriva. Rob assumiu a bronca e fez sua parte com compet\u00eancia, apesar dos compreens\u00edveis atropelos de uma situa\u00e7\u00e3o tensa e que n\u00e3o p\u00f4de ter muitos ensaios.<\/p>\n<p>Em entrevista \u00e0 emissora Ozzy\u2019s Boneyard, do sistema de r\u00e1dio pago americano SiriusXM (com transcri\u00e7\u00e3o do\u00a0<a href=\"https:\/\/blabbermouth.net\/news\/rob-halford-on-singing-with-black-sabbath-in-1992-and-2004-that-was-amazing\" target=\"_blank\" rel=\"noreferrer noopener nofollow\">Blabbermouth<\/a>), o cantor recordou o momento.<\/p>\n<p>\u201cH\u00e1 um registro em v\u00eddeo de um dos shows no YouTube com qualidade aceit\u00e1vel. \u00c9 uma \u00f3tima lembran\u00e7a. Ronnie declinou do convite por convic\u00e7\u00f5es pessoais. Que Deus o tenha. Ent\u00e3o recebo um telefonema de Tony pedindo ajuda. Conversamos sobre o setlist, colocamos algumas m\u00fasicas que n\u00e3o eram tocadas h\u00e1 muito tempo e que est\u00e3o entre minhas favoritas. Achei que os f\u00e3s iriam adorar. Nos dias seguintes tocamos em dois shows esgotados em Costa Mesa. Foi incr\u00edvel.\u201d<\/p>\n<p>A segunda situa\u00e7\u00e3o acontece durante o Ozzfest 2004, quando o Priest abria para a forma\u00e7\u00e3o original do Sabbath. No dia 26 de agosto, Ozzy foi acomedido por uma crise de bronquite na cidade norte-americana de Camden. Novamente, Halford foi recrutado para salvar o dia, cantando material apenas da fase inicial da banda.<\/p>\n<p>\u201cOzzy n\u00e3o estava se sentindo muito bem da garganta. Recebi um telefonema de Sharon pedindo para eu cantar naquela noite mesmo e o fiz. Cantei o set do Priest, tomei um banho, me troquei, sa\u00ed correndo e subi ao palco com o Sabbath. Isso \u00e9 o que fazemos, cara. N\u00f3s nos amamos. Ainda temos essa linda amizade e relacionamento que perdurou dentro e fora da m\u00fasica. N\u00f3s come\u00e7amos tudo.\u201d<\/p>\n<p> Por que o Judas Priest ficou fora da despedida do Black Sabbath? <\/p>\n<p>Durante rentrevista \u00e0\u00a0<a href=\"https:\/\/www.loudersound.com\/news\/judas-priest-rob-halford-comments-not-playing-black-sabbath-farewell-2025\" target=\"_blank\" rel=\"noreferrer noopener nofollow\">Metal Hammer<\/a>,\u00a0Rob Halford\u00a0revelou que o Judas Priest recebeu um convite para fazer parte da despedida do Black Sabbath, mas precisou recusar por um conflito de agenda.\u00a0<\/p>\n<p>Segundo o vocalista, quando\u00a0Sharon Osbourne, esposa e empres\u00e1ria de\u00a0Ozzy Osbourne, entrou em contato para falar a respeito, o Priest tinha acabado de fechar uma apresenta\u00e7\u00e3o conjunta com o\u00a0Scorpions, para celebrar os 60 anos de carreira dos colegas de profiss\u00e3o, em Han\u00f4ver, na Alemanha, tamb\u00e9m no dia 5 de julho. O cantor explicou:\u00a0<\/p>\n<p>\u201cConhecemos um cara chamado\u00a0Ossy Hoppe\u00a0que \u00e9 meio que um deus do metal na Alemanha. Ele veio conversar comigo em um dos nossos \u00faltimos shows e disse: \u2018estou organizando um show dos Scorpions para comemorar os 60 anos da banda, na cidade natal deles, voc\u00ea toparia trabalhar com a banda?\u2019. E eu s\u00f3 respondi: \u2018fechado, n\u00e3o temos nenhum plano\u2019. Foi tudo anunciado e virou um grande acontecimento e, de repente, recebo uma liga\u00e7\u00e3o [da Sharon] falando: \u2018Robbie, sei que voc\u00ea tem esse show com os Scorpions, mas ser\u00e1 que consideraria vir fazer algo com o Ozzy e os caras? Ele adoraria te ver\u2019.\u201d<\/p>\n<p>A empres\u00e1ria at\u00e9 prop\u00f4s uma solu\u00e7\u00e3o e ofereceu dar um jeito de levar Halford para Birmingham na data. Contudo, o vocalista achou \u201carriscado\u201d agendar duas apresenta\u00e7\u00f5es em pa\u00edses diferentes para o mesmo dia, como ressaltou:<\/p>\n<p>\u201cMesmo com um jato particular, existem problemas t\u00e9cnicos. Algo pode dar errado ou o clima pode atrapalhar [o voo]\u2026 Fiquei absolutamente arrasado.\u201d<\/p>\n<p><strong>Clique<\/strong> para seguir IgorMiranda.com.br no: <a href=\"https:\/\/instagram.com\/igormirandasite\" target=\"_blank\" rel=\"noreferrer noopener nofollow\">Instagram<\/a> | <a href=\"https:\/\/bsky.app\/profile\/igormirandasite.bsky.social\" target=\"_blank\" rel=\"noreferrer noopener nofollow\">Bluesky<\/a> | <a href=\"https:\/\/twitter.com\/igormirandasite\" target=\"_blank\" rel=\"noreferrer noopener nofollow\">Twitter<\/a> | <a href=\"https:\/\/tiktok.com\/@igormirandasite\" target=\"_blank\" rel=\"noreferrer noopener nofollow\">TikTok<\/a> | <a href=\"https:\/\/facebook.com\/igormirandasite\" target=\"_blank\" rel=\"noreferrer noopener nofollow\">Facebook<\/a> | <a href=\"https:\/\/www.youtube.com\/igormirandasite\" target=\"_blank\" rel=\"noreferrer noopener nofollow\">YouTube<\/a> | <a href=\"https:\/\/www.threads.net\/@igormirandasite\" target=\"_blank\" rel=\"noreferrer noopener nofollow\">Threads<\/a>.<\/p>\n<p> <script async src=\"https:\/\/platform.twitter.com\/widgets.js\" charset=\"utf-8\"><\/script><script async src=\"\/\/www.instagram.com\/embed.js\"><\/script><script async src=\"\/\/www.tiktok.com\/embed.js\"><\/script><\/p>\n","protected":false},"excerpt":{"rendered":"Rob Halford e Ozzy Osbourne tinham uma rela\u00e7\u00e3o m\u00fatua de respeito. O vocalista do Judas Priest nunca escondeu&hellip;\n","protected":false},"author":2,"featured_media":38494,"comment_status":"","ping_status":"","sticky":false,"template":"","format":"standard","meta":{"footnotes":""},"categories":[141],"tags":[240,114,115,11863,149,150,238,32,33,11864],"class_list":{"0":"post-38493","1":"post","2":"type-post","3":"status-publish","4":"format-standard","5":"has-post-thumbnail","7":"category-musica","8":"tag-black-sabbath","9":"tag-entertainment","10":"tag-entretenimento","11":"tag-judas-priest","12":"tag-music","13":"tag-musica","14":"tag-ozzy-osbourne","15":"tag-portugal","16":"tag-pt","17":"tag-rob-halford"},"share_on_mastodon":{"url":"","error":""},"_links":{"self":[{"href":"https:\/\/www.europesays.com\/pt\/wp-json\/wp\/v2\/posts\/38493","targetHints":{"allow":["GET"]}}],"collection":[{"href":"https:\/\/www.europesays.com\/pt\/wp-json\/wp\/v2\/posts"}],"about":[{"href":"https:\/\/www.europesays.com\/pt\/wp-json\/wp\/v2\/types\/post"}],"author":[{"embeddable":true,"href":"https:\/\/www.europesays.com\/pt\/wp-json\/wp\/v2\/users\/2"}],"replies":[{"embeddable":true,"href":"https:\/\/www.europesays.com\/pt\/wp-json\/wp\/v2\/comments?post=38493"}],"version-history":[{"count":0,"href":"https:\/\/www.europesays.com\/pt\/wp-json\/wp\/v2\/posts\/38493\/revisions"}],"wp:featuredmedia":[{"embeddable":true,"href":"https:\/\/www.europesays.com\/pt\/wp-json\/wp\/v2\/media\/38494"}],"wp:attachment":[{"href":"https:\/\/www.europesays.com\/pt\/wp-json\/wp\/v2\/media?parent=38493"}],"wp:term":[{"taxonomy":"category","embeddable":true,"href":"https:\/\/www.europesays.com\/pt\/wp-json\/wp\/v2\/categories?post=38493"},{"taxonomy":"post_tag","embeddable":true,"href":"https:\/\/www.europesays.com\/pt\/wp-json\/wp\/v2\/tags?post=38493"}],"curies":[{"name":"wp","href":"https:\/\/api.w.org\/{rel}","templated":true}]}}