{"id":384968,"date":"2026-05-17T14:54:19","date_gmt":"2026-05-17T14:54:19","guid":{"rendered":"https:\/\/www.europesays.com\/pt\/384968\/"},"modified":"2026-05-17T14:54:19","modified_gmt":"2026-05-17T14:54:19","slug":"a-imagem-que-esta-a-deixar-a-noruega-em-sobressalto-mette-marit-com-suporte-respiratorio-no-dia-nacional-mundo","status":"publish","type":"post","link":"https:\/\/www.europesays.com\/pt\/384968\/","title":{"rendered":"A imagem que est\u00e1 a deixar a Noruega em sobressalto. Mette-Marit com suporte respirat\u00f3rio no Dia Nacional &#8211; Mundo"},"content":{"rendered":"<p class=\"\">&#13;<br \/>\n        A vida da princesa Mette-Marit tem sido tudo menos digna de um conto real, nos \u00faltimos tempos. Com o nome associado do do ped\u00f3filo Jeffrey Epstein e o filho a bra\u00e7os com um processo de viola\u00e7\u00e3o, a monarca, mulher do pr\u00edncipe\u00a0Haakon, tem ainda visto o seu estado de sa\u00fade degradar-se rapidamente.&#13;\n    <\/p>\n<p class=\"\">&#13;<br \/>\n        A princesa sofre de <b>fibrose qu\u00edstica \u2013\u00a0doen\u00e7a gen\u00e9tica heredit\u00e1ria que causa a produ\u00e7\u00e3o de muco anormalmente espesso, afetando principalmente os\u00a0pulm\u00f5es<\/b>, obstruindo as vias a\u00e9reas, levando a infe\u00e7\u00f5es e inflama\u00e7\u00f5es recorrentes, tosse, falta de ar e redu\u00e7\u00e3o da fun\u00e7\u00e3o pulmonar \u2013 e que no caso de Mette-Marit est\u00e1 a avan\u00e7ar demasiado r\u00e1pido comprometendo a absor\u00e7\u00e3o de oxig\u00e9nio.&#13;\n    <\/p>\n<p class=\"\">&#13;<br \/>\n        &#8220;<b>Sempre tive esperan\u00e7a de que pud\u00e9ssemos controlar a doen\u00e7a com medicamentos, e at\u00e9 agora a progress\u00e3o tinha sido bastante lenta. No entanto, ultimamente tem sido mais r\u00e1pida do que eu e os m\u00e9dicos esper\u00e1vamos<\/b>\u201d, disse Mette-Marit em outubro do ano passado ao canal de televis\u00e3o norueguesa NRK.&#13;\n    <\/p>\n<p class=\"\">&#13;<br \/>\n        No comunicado \u00e9 revelado que a &#8220;<b>doen\u00e7a provoca cicatrizes nos pulm\u00f5es, levando \u00e0 redu\u00e7\u00e3o da absor\u00e7\u00e3o de oxig\u00e9nio. Neste outono, diversos exames mostraram um decl\u00ednio evidente na sa\u00fade da princesa herdeira. Portanto, os m\u00e9dicos do Rikshospitalet iniciaram os preparativos para avaliar sua elegibilidade para um transplante de pulm\u00e3o<\/b>.&#13;\n    <\/p>\n<p>        &#13;<br \/>\n            A imagem que est\u00e1 a deixar a Noruega em sobressalto. Mette-Marit com suporte respirat\u00f3rio no Dia Nacional&#13;<\/p>\n<p>                        &#13;<br \/>\n                            &#13;<br \/>\n                                <img decoding=\"async\" class=\"img-fluid\" src=\"https:\/\/www.europesays.com\/pt\/wp-content\/uploads\/2026\/05\/img_828x523uu2026-05-17-11-42-59-405588.png\" alt=\"Mette-Marit e o pr\u00edncipe Haakon\" data-title=\"Mette-Marit e o pr\u00edncipe Haakon\" data-credit=\"\" data-img-id=\"405588\"\/>&#13;<br \/>\n                            &#13;<\/p>\n<p>                        &#13;<br \/>\n                            &#13;<br \/>\n                                <img decoding=\"async\" class=\"img-fluid\" src=\"https:\/\/www.europesays.com\/pt\/wp-content\/uploads\/2026\/05\/img_828x523uu2026-05-17-11-44-22-405589.png\" alt=\"Mette-Marit usa suporte respirat\u00f3rio no Dia Nacional da Noruega.&#10;\" data-title=\"Mette-Marit usa suporte respirat\u00f3rio no Dia Nacional da Noruega.&#10;\" data-credit=\"\" data-img-id=\"405589\"\/>&#13;<br \/>\n                            &#13;<\/p>\n<p>            &#13;<\/p>\n<p>                    &#13;<br \/>\n                        &#13;<\/p>\n<p>                                &#13;<br \/>\n                                    <img decoding=\"async\" class=\"img-fluid\" loading=\"lazy\" src=\"https:\/\/www.europesays.com\/pt\/wp-content\/uploads\/2026\/05\/img_176x111uu2026-05-17-11-42-59-405588.png\" alt=\"Mette-Marit e o pr\u00edncipe Haakon\"\/>&#13;<\/p>\n<p>                                &#13;<br \/>\n                                    <img decoding=\"async\" class=\"img-fluid\" loading=\"lazy\" src=\"https:\/\/www.europesays.com\/pt\/wp-content\/uploads\/2026\/05\/img_176x111uu2026-05-17-11-44-22-405589.png\" alt=\"Mette-Marit usa suporte respirat\u00f3rio no Dia Nacional da Noruega.&#10;\"\/>&#13;<\/p>\n<p>            &#13;<br \/>\n            &#13;<br \/>\n&#13;<\/p>\n<p class=\"\">&#13;<br \/>\n        \u201c<b>Chegamos ao ponto em que o transplante de pulm\u00e3o \u00e9 necess\u00e1rio e estamos a fazer os preparativos necess\u00e1rios para garantir que isso seja poss\u00edvel quando chegar a hora<\/b>\u201d, explicou o m\u00e9dico que acompanha Mette-Marit,\u00a0professor Martin Holm,\u00a0chefe do servi\u00e7o de Pneumologia do Rikshospitalet. Acrescentou: \u201c<b>Neste momento, nenhuma decis\u00e3o foi tomada sobre quando \u00e9 que a princesa ser\u00e1 inclu\u00edda na lista de espera para um transplante de pulm\u00e3o<\/b>\u201d.&#13;\n    <\/p>\n<p class=\"\">&#13;<br \/>\n        Depois do comunicado, a reapari\u00e7\u00e3o p\u00fablica de Mette-Marit este domingo no Dia Nacional da Noruega n\u00e3o descansou ningu\u00e9m, uma vez que a princesa surgiu com suporte de oxig\u00e9nio, sendo vis\u00edvel a c\u00e2nula nasal para receber oxig\u00e9nio. Uma imagem que faz disparar todos os alarmes sobre o agravamento da condi\u00e7\u00e3o de sa\u00fade da princesa, que necessita de um transplante de pulm\u00e3o, que a monarca espera a todo o momento.\u00a0&#13;\n    <\/p>\n<p>        &#13;<br \/>\n            Saber mais sobre&#13;<br \/>\n            &#13;<br \/>\n            &#13;<\/p>\n<p>    &#13;<br \/>\n        &#13;<br \/>\n        &#13;<br \/>\n&#13;<\/p>\n","protected":false},"excerpt":{"rendered":"&#13; A vida da princesa Mette-Marit tem sido tudo menos digna de um conto real, nos \u00faltimos tempos.&hellip;\n","protected":false},"author":2,"featured_media":384969,"comment_status":"","ping_status":"","sticky":false,"template":"","format":"standard","meta":{"footnotes":"","_share_on_mastodon":"0"},"categories":[85],"tags":[4357,4345,114,115,48300,583,47680,965,32,33,47679,40015],"class_list":["post-384968","post","type-post","status-publish","format-standard","has-post-thumbnail","category-entretenimento","tag-doenca","tag-doencas-e-condicoes","tag-entertainment","tag-entretenimento","tag-fibrose-quistica","tag-jeffrey-epstein","tag-martin-holm","tag-noruega","tag-portugal","tag-pt","tag-rikshospitalet","tag-transplante-de-pulmao"],"share_on_mastodon":{"url":"https:\/\/pubeurope.com\/@pt\/116590495313698901","error":""},"_links":{"self":[{"href":"https:\/\/www.europesays.com\/pt\/wp-json\/wp\/v2\/posts\/384968","targetHints":{"allow":["GET"]}}],"collection":[{"href":"https:\/\/www.europesays.com\/pt\/wp-json\/wp\/v2\/posts"}],"about":[{"href":"https:\/\/www.europesays.com\/pt\/wp-json\/wp\/v2\/types\/post"}],"author":[{"embeddable":true,"href":"https:\/\/www.europesays.com\/pt\/wp-json\/wp\/v2\/users\/2"}],"replies":[{"embeddable":true,"href":"https:\/\/www.europesays.com\/pt\/wp-json\/wp\/v2\/comments?post=384968"}],"version-history":[{"count":0,"href":"https:\/\/www.europesays.com\/pt\/wp-json\/wp\/v2\/posts\/384968\/revisions"}],"wp:featuredmedia":[{"embeddable":true,"href":"https:\/\/www.europesays.com\/pt\/wp-json\/wp\/v2\/media\/384969"}],"wp:attachment":[{"href":"https:\/\/www.europesays.com\/pt\/wp-json\/wp\/v2\/media?parent=384968"}],"wp:term":[{"taxonomy":"category","embeddable":true,"href":"https:\/\/www.europesays.com\/pt\/wp-json\/wp\/v2\/categories?post=384968"},{"taxonomy":"post_tag","embeddable":true,"href":"https:\/\/www.europesays.com\/pt\/wp-json\/wp\/v2\/tags?post=384968"}],"curies":[{"name":"wp","href":"https:\/\/api.w.org\/{rel}","templated":true}]}}