{"id":38500,"date":"2025-08-21T10:12:12","date_gmt":"2025-08-21T10:12:12","guid":{"rendered":"https:\/\/www.europesays.com\/pt\/38500\/"},"modified":"2025-08-21T10:12:12","modified_gmt":"2025-08-21T10:12:12","slug":"um-tipo-supernormal-foi-o-maior-beneficiado-da-reuniao-entre-trump-e-putin-no-alasca","status":"publish","type":"post","link":"https:\/\/www.europesays.com\/pt\/38500\/","title":{"rendered":"Um &#8220;tipo supernormal&#8221; foi o maior beneficiado da reuni\u00e3o entre Trump e Putin no Alasca"},"content":{"rendered":"<p>\t                Mark Warren admite que receia estar envolvido num esquema russo<\/p>\n<p>Um homem do Alasca pode ter sa\u00eddo como o grande vencedor da reuni\u00e3o entre o presidente dos EUA, Donald Trump, e o presidente russo, Vladimir Putin, em Anchorage, na semana passada. Saiu da base de Elmendorf-Richardson a conduzir uma moto nova, cortesia do governo russo.<\/p>\n<p>A delega\u00e7\u00e3o de Putin presenteou Mark Warren, um inspetor de inc\u00eandios reformado da C\u00e2mara Municipal de Anchorage, com uma mota Ural Gear Up com sidecar, uma semana depois de ter dado uma entrevista a uma esta\u00e7\u00e3o televisiva, que se tornou viral na R\u00fassia. A empresa de motociclos, fundada em 1941 na Sib\u00e9ria Ocidental, fabrica agora as suas motos em Petropavlovsk, no Cazaquist\u00e3o, e distribui-as atrav\u00e9s de uma equipa sediada em Woodinville, Washington.<\/p>\n<p>Warren j\u00e1 tinha uma moto Ural, comprada a um vizinho. Estava a passear na moto uma semana antes do encontro entre Trump e Putin quando uma equipa de televis\u00e3o russa o viu e lhe pediu uma entrevista.<\/p>\n<p>Warren contou como tinha dificuldades em obter pe\u00e7as para a moto por causa de problemas de oferta e procura.<\/p>\n<p>&#8220;A entrevista tornou-se viral, foi uma loucura, e n\u00e3o sei porqu\u00ea, porque sou apenas um tipo supernormal&#8221;, afirmou Warren, na ter\u00e7a-feira. &#8220;Entrevistaram um velhote numa Ural e, por algum motivo, acharam interessante.&#8221;<\/p>\n<p>A 13 de agosto, dois dias antes da reuni\u00e3o entre Trump e Putin para discutir um acordo para a paz na Ucr\u00e2nia, Warren recebeu um telefonema do jornalista russo que o entrevistou, para lhe dar uma not\u00edcia: &#8220;Decidiram dar-te uma moto&#8221;.<\/p>\n<p>Warren recebeu um documento que indicava que o presente foi providenciado atrav\u00e9s da Embaixada russa nos EUA, que n\u00e3o respondeu a um pedido de coment\u00e1rio da Associated Press (AP).<\/p>\n<p>Inicialmente, Warren pensou que poderia estar a ser alvo de uma burla. Mas depois de Putin e Trump terem deixado a Base Conjunta Elmendorf-Richardson ap\u00f3s uma reuni\u00e3o de tr\u00eas horas na sexta-feira passada, recebeu outra chamada a informar que a moto estava na base.<\/p>\n<p>Foi informado de que deveria dirigir-se a um hotel em Anchorage no dia seguinte para receber a moto. Acompanhado da mulher e, quando chegou ao parte de estacionamento, onde estavam seis homens que presumiu serem russos, encontrou a moto, avaliada em 22 mil d\u00f3lares.<\/p>\n<p>&#8220;Fiquei boquiaberto&#8221;, confessa. &#8220;E s\u00f3 me lembro de dizer: &#8216;Voc\u00eas s\u00f3 podem estar a brincar comigo&#8217;.&#8221;<\/p>\n<p>Tudo o que os russos pediram em troca foi uma entrevista: &#8220;Se querem alguma coisa de mim, v\u00e3o ficar muito desapontados.&#8221;<\/p>\n<p>  <img loading=\"lazy\" decoding=\"async\" alt=\"\" height=\"666\" src=\"https:\/\/www.europesays.com\/pt\/wp-content\/uploads\/2025\/08\/1755771132_729_1000.webp\" width=\"1000\"\/> <\/p>\n<p>    Para receber a moto, Warren s\u00f3 teve de aceitar dar uma entrevista e tirar fotografias a passear com ela no parque de estacionamento na base de Anchorage (Bill Roth\/Anchorage Daily News via AP) <\/p>\n<p>Dois rep\u00f3rteres e um funcion\u00e1rio da embaixada subiram para a moto com ele. Warren conduziu lentamente pelo parque de estacionamento enquanto um operador de c\u00e2mara corria ao seu lado e filmava.<\/p>\n<p>Warren admite que receava estar, de alguma forma, envolvido nalgum esquema russo. \u201cN\u00e3o quero um bando de haters atr\u00e1s de mim a dizer que comprei uma mota russa. (&#8230;) N\u00e3o quero isso para a minha fam\u00edlia&#8221;.<\/p>\n<p>No momento em que assinava os documentos da transfer\u00eancia da moto para a embaixada russa, percebeu que a mesma tinha sido fabricada a 12 de agosto.<\/p>\n<p>&#8220;\u00c9 \u00f3bvio que ela saiu da concession\u00e1ria e entrou num jato em provavelmente 24 horas&#8221;, conclui Warren.<\/p>\n","protected":false},"excerpt":{"rendered":"Mark Warren admite que receia estar envolvido num esquema russo Um homem do Alasca pode ter sa\u00eddo como&hellip;\n","protected":false},"author":2,"featured_media":38501,"comment_status":"","ping_status":"","sticky":false,"template":"","format":"standard","meta":{"footnotes":""},"categories":[50],"tags":[8247,609,836,611,27,28,607,608,333,832,604,135,610,92,476,413,15,16,301,830,14,603,25,26,570,21,22,831,833,62,834,12,13,19,20,835,602,52,32,23,24,839,17,18,29,30,31,2415,63,64,65],"class_list":{"0":"post-38500","1":"post","2":"type-post","3":"status-publish","4":"format-standard","5":"has-post-thumbnail","7":"category-mundo","8":"tag-alasca","9":"tag-alerta","10":"tag-analise","11":"tag-ao-minuto","12":"tag-breaking-news","13":"tag-breakingnews","14":"tag-cnn","15":"tag-cnn-portugal","16":"tag-comentadores","17":"tag-costa","18":"tag-crime","19":"tag-desporto","20":"tag-direto","21":"tag-donald-trump","22":"tag-economia","23":"tag-eua","24":"tag-featured-news","25":"tag-featurednews","26":"tag-governo","27":"tag-guerra","28":"tag-headlines","29":"tag-justica","30":"tag-latest-news","31":"tag-latestnews","32":"tag-live","33":"tag-main-news","34":"tag-mainnews","35":"tag-mais-vistas","36":"tag-marcelo","37":"tag-mundo","38":"tag-negocios","39":"tag-news","40":"tag-noticias","41":"tag-noticias-principais","42":"tag-noticiasprincipais","43":"tag-opiniao","44":"tag-pais","45":"tag-politica","46":"tag-portugal","47":"tag-principais-noticias","48":"tag-principaisnoticias","49":"tag-russia","50":"tag-top-stories","51":"tag-topstories","52":"tag-ultimas","53":"tag-ultimas-noticias","54":"tag-ultimasnoticias","55":"tag-vladimir-putin","56":"tag-world","57":"tag-world-news","58":"tag-worldnews"},"share_on_mastodon":{"url":"","error":""},"_links":{"self":[{"href":"https:\/\/www.europesays.com\/pt\/wp-json\/wp\/v2\/posts\/38500","targetHints":{"allow":["GET"]}}],"collection":[{"href":"https:\/\/www.europesays.com\/pt\/wp-json\/wp\/v2\/posts"}],"about":[{"href":"https:\/\/www.europesays.com\/pt\/wp-json\/wp\/v2\/types\/post"}],"author":[{"embeddable":true,"href":"https:\/\/www.europesays.com\/pt\/wp-json\/wp\/v2\/users\/2"}],"replies":[{"embeddable":true,"href":"https:\/\/www.europesays.com\/pt\/wp-json\/wp\/v2\/comments?post=38500"}],"version-history":[{"count":0,"href":"https:\/\/www.europesays.com\/pt\/wp-json\/wp\/v2\/posts\/38500\/revisions"}],"wp:featuredmedia":[{"embeddable":true,"href":"https:\/\/www.europesays.com\/pt\/wp-json\/wp\/v2\/media\/38501"}],"wp:attachment":[{"href":"https:\/\/www.europesays.com\/pt\/wp-json\/wp\/v2\/media?parent=38500"}],"wp:term":[{"taxonomy":"category","embeddable":true,"href":"https:\/\/www.europesays.com\/pt\/wp-json\/wp\/v2\/categories?post=38500"},{"taxonomy":"post_tag","embeddable":true,"href":"https:\/\/www.europesays.com\/pt\/wp-json\/wp\/v2\/tags?post=38500"}],"curies":[{"name":"wp","href":"https:\/\/api.w.org\/{rel}","templated":true}]}}