{"id":38507,"date":"2025-08-21T10:18:07","date_gmt":"2025-08-21T10:18:07","guid":{"rendered":"https:\/\/www.europesays.com\/pt\/38507\/"},"modified":"2025-08-21T10:18:07","modified_gmt":"2025-08-21T10:18:07","slug":"intruso-muito-especial-manuel-melo-regressa-a-casa-e-concorrentes-desfazem-se-em-lagrimas-big-brother","status":"publish","type":"post","link":"https:\/\/www.europesays.com\/pt\/38507\/","title":{"rendered":"Intruso muito especial! Manuel Melo regressa \u00e0 casa e concorrentes desfazem-se em l\u00e1grimas &#8211; Big Brother"},"content":{"rendered":"<p>No <strong>Big Brother Ver\u00e3o, os concorrentes devem ignorar o \u00f3bvio e, esta manh\u00e3, foram surpreendidos com a entrada de Manuel Melo<\/strong>, ex-concorrente da edi\u00e7\u00e3o. J\u00e9ssica Vieira e Bruna n\u00e3o contiveram as l\u00e1grimas. Veja tudo.<\/p>\n<p>Esta semana, h\u00e1 quatro concorrentes em risco de expuls\u00e3o. Vote no seu concorrente favorito para o salvar:<\/p>\n<p>AFONSO LEIT\u00c3O \u2013 761 20 20 01<\/p>\n<p>J\u00c9SSICA VIEIRA \u2013 761 20 20 07<\/p>\n<p>KINA \u2013 761 20 20 08<\/p>\n<p>VIRIATO \u2013 761 20 20 13<\/p>\n<p><strong><a href=\"https:\/\/tvi.iol.pt\/bigbrother\/aominuto\" rel=\"nofollow noopener\" target=\"_blank\">Acompanhe aqui tudo o que se passa na casa mais vigiada do pa\u00eds!<\/a><\/strong><\/p>\n","protected":false},"excerpt":{"rendered":"No Big Brother Ver\u00e3o, os concorrentes devem ignorar o \u00f3bvio e, esta manh\u00e3, foram surpreendidos com a entrada&hellip;\n","protected":false},"author":2,"featured_media":38508,"comment_status":"","ping_status":"","sticky":false,"template":"","format":"standard","meta":{"footnotes":""},"categories":[142],"tags":[331,48,329,333,328,335,336,114,115,334,332,330,11860,13,32,33,151,162,227],"class_list":{"0":"post-38507","1":"post","2":"type-post","3":"status-publish","4":"format-standard","5":"has-post-thumbnail","7":"category-tv","8":"tag-big","9":"tag-big-brother","10":"tag-claudio-ramos","11":"tag-comentadores","12":"tag-concorrentes","13":"tag-confrontos","14":"tag-discussoes","15":"tag-entertainment","16":"tag-entretenimento","17":"tag-exclusivos","18":"tag-expulso","19":"tag-gala","20":"tag-manuel-melo","21":"tag-noticias","22":"tag-portugal","23":"tag-pt","24":"tag-tv","25":"tag-tvi","26":"tag-videos"},"share_on_mastodon":{"url":"","error":""},"_links":{"self":[{"href":"https:\/\/www.europesays.com\/pt\/wp-json\/wp\/v2\/posts\/38507","targetHints":{"allow":["GET"]}}],"collection":[{"href":"https:\/\/www.europesays.com\/pt\/wp-json\/wp\/v2\/posts"}],"about":[{"href":"https:\/\/www.europesays.com\/pt\/wp-json\/wp\/v2\/types\/post"}],"author":[{"embeddable":true,"href":"https:\/\/www.europesays.com\/pt\/wp-json\/wp\/v2\/users\/2"}],"replies":[{"embeddable":true,"href":"https:\/\/www.europesays.com\/pt\/wp-json\/wp\/v2\/comments?post=38507"}],"version-history":[{"count":0,"href":"https:\/\/www.europesays.com\/pt\/wp-json\/wp\/v2\/posts\/38507\/revisions"}],"wp:featuredmedia":[{"embeddable":true,"href":"https:\/\/www.europesays.com\/pt\/wp-json\/wp\/v2\/media\/38508"}],"wp:attachment":[{"href":"https:\/\/www.europesays.com\/pt\/wp-json\/wp\/v2\/media?parent=38507"}],"wp:term":[{"taxonomy":"category","embeddable":true,"href":"https:\/\/www.europesays.com\/pt\/wp-json\/wp\/v2\/categories?post=38507"},{"taxonomy":"post_tag","embeddable":true,"href":"https:\/\/www.europesays.com\/pt\/wp-json\/wp\/v2\/tags?post=38507"}],"curies":[{"name":"wp","href":"https:\/\/api.w.org\/{rel}","templated":true}]}}